{"id":14856,"date":"2024-09-27T14:18:06","date_gmt":"2024-09-27T14:18:06","guid":{"rendered":"https:\/\/elportaldorrego.com\/?p=14856"},"modified":"2024-09-27T14:19:01","modified_gmt":"2024-09-27T14:19:01","slug":"chalde-recibio-al-titular-de-la-direccion-de-promocion-de-derechos-para-personas-con-discapacidad","status":"publish","type":"post","link":"https:\/\/elportaldorrego.com\/?p=14856","title":{"rendered":"Chalde recibi\u00f3 al titular de la Direcci\u00f3n de Promoci\u00f3n de Derechos para Personas con Discapacidad"},"content":{"rendered":"\n<p><\/p>\n\n\n\n<p>&nbsp;&nbsp;&nbsp;&nbsp;&nbsp;&nbsp;&nbsp;&nbsp;&nbsp;&nbsp;&nbsp; El intendente Juan Chalde recibi\u00f3 ayer jueves en su despacho a Ra\u00fal Lucero, director, de la Direcci\u00f3n de Promoci\u00f3n de Derechos para Personas con Discapacidad. En el lapso que dur\u00f3 el encuentro el jefe comunal y el funcionario bonaerense coincidieron en trabajar mancomunadamente en el abordaje de distintas problem\u00e1ticas relacionadas con la discapacidad que se presentan en el distrito y la intenci\u00f3n de mantener una agenda en conjunto sobre estos temas. Estaban presentes la secretaria de Gobierno y Hacienda, Laura Dumrauf, el director de Desarrollo Social, Luciano Ripoll, el presidente del Concejo Deliberante, Casiano Guti\u00e9rrez y la referente del \u00e1rea de Personas Mayores y Personas con Discapacidad, Andrea Lupani.<\/p>\n\n\n\n<p>&nbsp;&nbsp;&nbsp;&nbsp;&nbsp;&nbsp;&nbsp;&nbsp;&nbsp;&nbsp;&nbsp; Antes, Ra\u00fal Lucero, tom\u00f3 contacto con todos los integrantes de la Mesa de Discapacidad; all\u00ed expres\u00f3 de qu\u00e9 manera se viene trabajando desde la provincia y enfatiz\u00f3 sobre la necesidad de articular acciones con el Consejo Municipal de Personas con Discapacidad. En ese sentido hizo particular referencia a los programas con los que cuenta la direcci\u00f3n a su cargo y la posibilidad de vincularlos con los programas locales.<\/p>\n\n\n\n<p>&nbsp;&nbsp;&nbsp;&nbsp;&nbsp;&nbsp;&nbsp;&nbsp;&nbsp;&nbsp;&nbsp; Adem\u00e1s, seg\u00fan inform\u00f3 el director de Desarrollo Social, Luciano Ripoll, &nbsp;funcionarios de gobierno comunal acompa\u00f1aron al titular de la referida direcci\u00f3n provincial y a autoridades educativas a visitar la Escuela de Educaci\u00f3n Especial N\u00ba:501 y tambi\u00e9n a mantener una charla con directivos de la Escuela de Educaci\u00f3n Especial N\u00ba:502 en la Plaza Central, donde se estaba llevando a cabo una actividad art\u00edstica.<\/p>\n\n\n\n<p>Info y foto  : Prensa municipalidad de C.Dorrego <\/p>\n\n\n\n<figure class=\"wp-block-image size-large\"><img decoding=\"async\" src=\"http:\/\/elportaldorrego.com\/wp-content\/uploads\/2024\/09\/1-1-1-1024x472.jpg\" alt=\"\" class=\"wp-image-14857\" \/><\/figure>\n","protected":false},"excerpt":{"rendered":"<p>&nbsp;&nbsp;&nbsp;&nbsp;&nbsp;&nbsp;&nbsp;&nbsp;&nbsp;&nbsp;&nbsp; El intendente Juan Chalde recibi\u00f3 ayer jueves en su despacho a Ra\u00fal Lucero, director, de la Direcci\u00f3n de Promoci\u00f3n de Derechos para Personas con Discapacidad. En el lapso que dur\u00f3 el encuentro el jefe comunal y el funcionario bonaerense coincidieron en trabajar mancomunadamente en el abordaje de distintas problem\u00e1ticas relacionadas con la discapacidad que &hellip;<\/p>\n","protected":false},"author":4,"featured_media":0,"comment_status":"open","ping_status":"open","sticky":false,"template":"","format":"standard","meta":{"footnotes":""},"categories":[69],"tags":[],"class_list":["post-14856","post","type-post","status-publish","format-standard","","category-locales"],"_links":{"self":[{"href":"https:\/\/elportaldorrego.com\/index.php?rest_route=\/wp\/v2\/posts\/14856"}],"collection":[{"href":"https:\/\/elportaldorrego.com\/index.php?rest_route=\/wp\/v2\/posts"}],"about":[{"href":"https:\/\/elportaldorrego.com\/index.php?rest_route=\/wp\/v2\/types\/post"}],"author":[{"embeddable":true,"href":"https:\/\/elportaldorrego.com\/index.php?rest_route=\/wp\/v2\/users\/4"}],"replies":[{"embeddable":true,"href":"https:\/\/elportaldorrego.com\/index.php?rest_route=%2Fwp%2Fv2%2Fcomments&post=14856"}],"version-history":[{"count":1,"href":"https:\/\/elportaldorrego.com\/index.php?rest_route=\/wp\/v2\/posts\/14856\/revisions"}],"predecessor-version":[{"id":14858,"href":"https:\/\/elportaldorrego.com\/index.php?rest_route=\/wp\/v2\/posts\/14856\/revisions\/14858"}],"wp:attachment":[{"href":"https:\/\/elportaldorrego.com\/index.php?rest_route=%2Fwp%2Fv2%2Fmedia&parent=14856"}],"wp:term":[{"taxonomy":"category","embeddable":true,"href":"https:\/\/elportaldorrego.com\/index.php?rest_route=%2Fwp%2Fv2%2Fcategories&post=14856"},{"taxonomy":"post_tag","embeddable":true,"href":"https:\/\/elportaldorrego.com\/index.php?rest_route=%2Fwp%2Fv2%2Ftags&post=14856"}],"curies":[{"name":"wp","href":"https:\/\/api.w.org\/{rel}","templated":true}]}}