{"id":14859,"date":"2024-09-27T15:04:52","date_gmt":"2024-09-27T15:04:52","guid":{"rendered":"https:\/\/elportaldorrego.com\/?p=14859"},"modified":"2024-09-27T15:04:55","modified_gmt":"2024-09-27T15:04:55","slug":"se-instalara-un-destacamento-de-prefectura-en-marisol","status":"publish","type":"post","link":"https:\/\/elportaldorrego.com\/?p=14859","title":{"rendered":"Se instalar\u00e1 un Destacamento de Prefectura en Marisol"},"content":{"rendered":"\n<p><\/p>\n\n\n\n<p>&nbsp;&nbsp;&nbsp;&nbsp;&nbsp;&nbsp;&nbsp;&nbsp;&nbsp;&nbsp;&nbsp; El intendente Chalde junto a integrantes de su gabinete de gobierno comunal, recibieron en la ma\u00f1ana de este lunes al prefecto principal Elbio Ricardo Quinteros, jefe de la Prefectura Naval Argentina, delegaci\u00f3n Bah\u00eda Blanca junto a otros integrantes de esa fuerza, a prop\u00f3sito de un pedido formulado por el jefe comunal al Ministerio de Seguridad de la Naci\u00f3n para instalar un destacamento en Marisol durante la temporada estival, entre el 15 de diciembre y el 15 de marzo. Los funcionarios que se reunieron con el contador Chalde, expresaron que fue aceptada la petici\u00f3n y ahora la iniciativa est\u00e1 en la etapa de evaluaci\u00f3n, con relaci\u00f3n al lugar de instalaci\u00f3n del Puesto y para ello realizaron una recorrida por Marisol junto al subdelegado, Ra\u00fal Bonini, el director de Producci\u00f3n y Turismo, Juan Ignacio Colantonio y el secretario de Ambiente Obras y Servicios P\u00fablicos, Ramiro Zarzoso.<\/p>\n\n\n\n<p>&nbsp;&nbsp;&nbsp;&nbsp;&nbsp;&nbsp;&nbsp;&nbsp;&nbsp;&nbsp;&nbsp; Desde la Municipalidad se resalt\u00f3 la predisposici\u00f3n puesta de manifiesto tanto por el Ministerio de Seguridad de la Naci\u00f3n, como por los integrantes de la Prefectura Naval Argentina. &nbsp;&nbsp;<\/p>\n\n\n\n<p>Info y foto :  Prensa municipalidad de C.Dorrego <\/p>\n","protected":false},"excerpt":{"rendered":"<p>&nbsp;&nbsp;&nbsp;&nbsp;&nbsp;&nbsp;&nbsp;&nbsp;&nbsp;&nbsp;&nbsp; El intendente Chalde junto a integrantes de su gabinete de gobierno comunal, recibieron en la ma\u00f1ana de este lunes al prefecto principal Elbio Ricardo Quinteros, jefe de la Prefectura Naval Argentina, delegaci\u00f3n Bah\u00eda Blanca junto a otros integrantes de esa fuerza, a prop\u00f3sito de un pedido formulado por el jefe comunal al Ministerio de &hellip;<\/p>\n","protected":false},"author":4,"featured_media":0,"comment_status":"open","ping_status":"open","sticky":false,"template":"","format":"standard","meta":{"footnotes":""},"categories":[69],"tags":[],"class_list":["post-14859","post","type-post","status-publish","format-standard","","category-locales"],"_links":{"self":[{"href":"https:\/\/elportaldorrego.com\/index.php?rest_route=\/wp\/v2\/posts\/14859"}],"collection":[{"href":"https:\/\/elportaldorrego.com\/index.php?rest_route=\/wp\/v2\/posts"}],"about":[{"href":"https:\/\/elportaldorrego.com\/index.php?rest_route=\/wp\/v2\/types\/post"}],"author":[{"embeddable":true,"href":"https:\/\/elportaldorrego.com\/index.php?rest_route=\/wp\/v2\/users\/4"}],"replies":[{"embeddable":true,"href":"https:\/\/elportaldorrego.com\/index.php?rest_route=%2Fwp%2Fv2%2Fcomments&post=14859"}],"version-history":[{"count":1,"href":"https:\/\/elportaldorrego.com\/index.php?rest_route=\/wp\/v2\/posts\/14859\/revisions"}],"predecessor-version":[{"id":14861,"href":"https:\/\/elportaldorrego.com\/index.php?rest_route=\/wp\/v2\/posts\/14859\/revisions\/14861"}],"wp:attachment":[{"href":"https:\/\/elportaldorrego.com\/index.php?rest_route=%2Fwp%2Fv2%2Fmedia&parent=14859"}],"wp:term":[{"taxonomy":"category","embeddable":true,"href":"https:\/\/elportaldorrego.com\/index.php?rest_route=%2Fwp%2Fv2%2Fcategories&post=14859"},{"taxonomy":"post_tag","embeddable":true,"href":"https:\/\/elportaldorrego.com\/index.php?rest_route=%2Fwp%2Fv2%2Ftags&post=14859"}],"curies":[{"name":"wp","href":"https:\/\/api.w.org\/{rel}","templated":true}]}}