{"id":14913,"date":"2024-10-02T13:45:06","date_gmt":"2024-10-02T13:45:06","guid":{"rendered":"https:\/\/elportaldorrego.com\/?p=14913"},"modified":"2024-10-02T13:47:03","modified_gmt":"2024-10-02T13:47:03","slug":"fue-postergada-la-presentacion-del-libro-sobre-osvaldo-crego","status":"publish","type":"post","link":"https:\/\/elportaldorrego.com\/?p=14913","title":{"rendered":"Fue postergada la presentaci\u00f3n del libro sobre Osvaldo Crego"},"content":{"rendered":"\n<p><\/p>\n\n\n\n<p>&nbsp;&nbsp;&nbsp;&nbsp;&nbsp; &nbsp;&nbsp;&nbsp;&nbsp;&nbsp;Se posterg\u00f3, atendiendo al repentino fallecimiento del doctor Osvaldo Crego, la presentaci\u00f3n del libro \u00abLecci\u00f3n de Optimismo\u00bb prevista en principio para ma\u00f1ana jueves 3 en el Centro Cultural. El libro repasa momentos clave de la carrera de Osvaldo Crego como m\u00e9dico, servidor p\u00fablico y l\u00edder comunitario, destacando su compromiso visionario y dedicaci\u00f3n hacia su pueblo.<\/p>\n\n\n\n<p>Info  :  Prensa municipalidad de C.Dorrego <\/p>\n","protected":false},"excerpt":{"rendered":"<p>&nbsp;&nbsp;&nbsp;&nbsp;&nbsp; &nbsp;&nbsp;&nbsp;&nbsp;&nbsp;Se posterg\u00f3, atendiendo al repentino fallecimiento del doctor Osvaldo Crego, la presentaci\u00f3n del libro \u00abLecci\u00f3n de Optimismo\u00bb prevista en principio para ma\u00f1ana jueves 3 en el Centro Cultural. El libro repasa momentos clave de la carrera de Osvaldo Crego como m\u00e9dico, servidor p\u00fablico y l\u00edder comunitario, destacando su compromiso visionario y dedicaci\u00f3n hacia su &hellip;<\/p>\n","protected":false},"author":4,"featured_media":0,"comment_status":"open","ping_status":"open","sticky":false,"template":"","format":"standard","meta":{"footnotes":""},"categories":[69],"tags":[],"class_list":["post-14913","post","type-post","status-publish","format-standard","","category-locales"],"_links":{"self":[{"href":"https:\/\/elportaldorrego.com\/index.php?rest_route=\/wp\/v2\/posts\/14913"}],"collection":[{"href":"https:\/\/elportaldorrego.com\/index.php?rest_route=\/wp\/v2\/posts"}],"about":[{"href":"https:\/\/elportaldorrego.com\/index.php?rest_route=\/wp\/v2\/types\/post"}],"author":[{"embeddable":true,"href":"https:\/\/elportaldorrego.com\/index.php?rest_route=\/wp\/v2\/users\/4"}],"replies":[{"embeddable":true,"href":"https:\/\/elportaldorrego.com\/index.php?rest_route=%2Fwp%2Fv2%2Fcomments&post=14913"}],"version-history":[{"count":1,"href":"https:\/\/elportaldorrego.com\/index.php?rest_route=\/wp\/v2\/posts\/14913\/revisions"}],"predecessor-version":[{"id":14914,"href":"https:\/\/elportaldorrego.com\/index.php?rest_route=\/wp\/v2\/posts\/14913\/revisions\/14914"}],"wp:attachment":[{"href":"https:\/\/elportaldorrego.com\/index.php?rest_route=%2Fwp%2Fv2%2Fmedia&parent=14913"}],"wp:term":[{"taxonomy":"category","embeddable":true,"href":"https:\/\/elportaldorrego.com\/index.php?rest_route=%2Fwp%2Fv2%2Fcategories&post=14913"},{"taxonomy":"post_tag","embeddable":true,"href":"https:\/\/elportaldorrego.com\/index.php?rest_route=%2Fwp%2Fv2%2Ftags&post=14913"}],"curies":[{"name":"wp","href":"https:\/\/api.w.org\/{rel}","templated":true}]}}