{"id":14978,"date":"2024-10-08T11:45:33","date_gmt":"2024-10-08T11:45:33","guid":{"rendered":"https:\/\/elportaldorrego.com\/?p=14978"},"modified":"2024-10-08T11:45:34","modified_gmt":"2024-10-08T11:45:34","slug":"este-domingo-sera-reinaugurada-la-fuente-de-la-plaza-central","status":"publish","type":"post","link":"https:\/\/elportaldorrego.com\/?p=14978","title":{"rendered":"Este domingo ser\u00e1 reinaugurada la Fuente de la Plaza Central"},"content":{"rendered":"\n<p>El venidero domingo 13 a las 17 en la plaza central se realizar\u00e1 el Acto Protocolar por la reinauguraci\u00f3n y puesta en valor de la Fuente donada por la Colectividad Danesa con motivo del cincuentenario de la creaci\u00f3n del Distrito.<\/p>\n\n\n\n<p>Info e imagen  :  Prensa municipalidad de C.Dorrego <\/p>\n\n\n\n<figure class=\"wp-block-image size-full\"><img decoding=\"async\" src=\"http:\/\/elportaldorrego.com\/wp-content\/uploads\/2024\/10\/image002-8.jpg\" alt=\"\" class=\"wp-image-14979\" \/><\/figure>\n","protected":false},"excerpt":{"rendered":"<p>El venidero domingo 13 a las 17 en la plaza central se realizar\u00e1 el Acto Protocolar por la reinauguraci\u00f3n y puesta en valor de la Fuente donada por la Colectividad Danesa con motivo del cincuentenario de la creaci\u00f3n del Distrito. Info e imagen : Prensa municipalidad de C.Dorrego<\/p>\n","protected":false},"author":4,"featured_media":0,"comment_status":"open","ping_status":"open","sticky":false,"template":"","format":"standard","meta":{"footnotes":""},"categories":[69],"tags":[],"class_list":["post-14978","post","type-post","status-publish","format-standard","","category-locales"],"_links":{"self":[{"href":"https:\/\/elportaldorrego.com\/index.php?rest_route=\/wp\/v2\/posts\/14978"}],"collection":[{"href":"https:\/\/elportaldorrego.com\/index.php?rest_route=\/wp\/v2\/posts"}],"about":[{"href":"https:\/\/elportaldorrego.com\/index.php?rest_route=\/wp\/v2\/types\/post"}],"author":[{"embeddable":true,"href":"https:\/\/elportaldorrego.com\/index.php?rest_route=\/wp\/v2\/users\/4"}],"replies":[{"embeddable":true,"href":"https:\/\/elportaldorrego.com\/index.php?rest_route=%2Fwp%2Fv2%2Fcomments&post=14978"}],"version-history":[{"count":1,"href":"https:\/\/elportaldorrego.com\/index.php?rest_route=\/wp\/v2\/posts\/14978\/revisions"}],"predecessor-version":[{"id":14980,"href":"https:\/\/elportaldorrego.com\/index.php?rest_route=\/wp\/v2\/posts\/14978\/revisions\/14980"}],"wp:attachment":[{"href":"https:\/\/elportaldorrego.com\/index.php?rest_route=%2Fwp%2Fv2%2Fmedia&parent=14978"}],"wp:term":[{"taxonomy":"category","embeddable":true,"href":"https:\/\/elportaldorrego.com\/index.php?rest_route=%2Fwp%2Fv2%2Fcategories&post=14978"},{"taxonomy":"post_tag","embeddable":true,"href":"https:\/\/elportaldorrego.com\/index.php?rest_route=%2Fwp%2Fv2%2Ftags&post=14978"}],"curies":[{"name":"wp","href":"https:\/\/api.w.org\/{rel}","templated":true}]}}