{"id":15403,"date":"2024-11-07T14:42:26","date_gmt":"2024-11-07T14:42:26","guid":{"rendered":"https:\/\/elportaldorrego.com\/?p=15403"},"modified":"2024-11-07T14:42:26","modified_gmt":"2024-11-07T14:42:26","slug":"se-abrira-la-inscripcion-para-viviendas-2","status":"publish","type":"post","link":"https:\/\/elportaldorrego.com\/?p=15403","title":{"rendered":"Se abrir\u00e1 la inscripci\u00f3n para viviendas"},"content":{"rendered":"\n<p><\/p>\n\n\n\n<p>&nbsp;&nbsp;&nbsp;&nbsp;&nbsp;&nbsp;&nbsp;&nbsp;&nbsp;&nbsp;&nbsp; La Municipalidad abrir\u00e1 desde el 11 y hasta el 22 de noviembre la inscripci\u00f3n de aspirantes a viviendas en el Registro \u00danico y Permanente de Demanda Habitacional con motivo de la pr\u00f3xima entrega de 46 viviendas del Plan Bonaerense II, que estar\u00e1n ubicadas: 24 en la ciudad cabecera, 14 en Oriente y 8 en El Perdido.<\/p>\n\n\n\n<p>&nbsp;&nbsp;&nbsp;&nbsp;&nbsp;&nbsp;&nbsp;&nbsp;&nbsp;&nbsp;&nbsp; Quienes se acerquen a inscribirse deben presentar la documentaci\u00f3n requerida.<\/p>\n\n\n\n<p>&nbsp;&nbsp;&nbsp;&nbsp;&nbsp;&nbsp;&nbsp;&nbsp;&nbsp;&nbsp;&nbsp; El horario de inscripci\u00f3n ser\u00e1 de lunes a viernes: de 15 a 17 en el Palacio Municipal de Coronel Dorrego y de 8 a 12 en las Delegaciones Municipales de Oriente y El Perdido.<\/p>\n\n\n\n<p>&nbsp;&nbsp;&nbsp;&nbsp;&nbsp;&nbsp;&nbsp;&nbsp;&nbsp;&nbsp;&nbsp;&nbsp;<strong>La documentaci\u00f3n que deben presentar los interesados en el momento de la inscripci\u00f3n es<\/strong>:<\/p>\n\n\n\n<p>\u00b7&nbsp;&nbsp;&nbsp;&nbsp;&nbsp;&nbsp;&nbsp;&nbsp;&nbsp;Fotocopia del DNI de los integrantes del grupo familiar.<\/p>\n\n\n\n<p>\u00b7&nbsp;&nbsp;&nbsp;&nbsp;&nbsp;&nbsp;&nbsp;&nbsp;&nbsp;Fotocopia del Acta de Matrimonio o Certificado de Convivencia.<\/p>\n\n\n\n<p>\u00b7&nbsp;&nbsp;&nbsp;&nbsp;&nbsp;&nbsp;&nbsp;&nbsp;&nbsp;Fotocopia del Comprobante de Ingresos (recibo de sueldo, Comprobantes de ARCA (ex AFIP) o Monotributo o bien Declaraci\u00f3n Jurada de Ingresos emitida por el Juzgado de Paz.<\/p>\n\n\n\n<p>\u00b7&nbsp;&nbsp;&nbsp;&nbsp;&nbsp;&nbsp;&nbsp;&nbsp;&nbsp;Fotocopia de CUD (Certificado \u00danico de Discapacidad) en caso de corresponder.<\/p>\n\n\n\n<p>Info : Prensa municipalidad de C.Dorrego <\/p>\n\n\n\n<figure class=\"wp-block-image size-full\"><img decoding=\"async\" src=\"http:\/\/elportaldorrego.com\/wp-content\/uploads\/2024\/11\/image003-2-1.jpg\" alt=\"\" class=\"wp-image-15405\" \/><\/figure>\n","protected":false},"excerpt":{"rendered":"<p>&nbsp;&nbsp;&nbsp;&nbsp;&nbsp;&nbsp;&nbsp;&nbsp;&nbsp;&nbsp;&nbsp; La Municipalidad abrir\u00e1 desde el 11 y hasta el 22 de noviembre la inscripci\u00f3n de aspirantes a viviendas en el Registro \u00danico y Permanente de Demanda Habitacional con motivo de la pr\u00f3xima entrega de 46 viviendas del Plan Bonaerense II, que estar\u00e1n ubicadas: 24 en la ciudad cabecera, 14 en Oriente y 8 en &hellip;<\/p>\n","protected":false},"author":4,"featured_media":0,"comment_status":"open","ping_status":"open","sticky":false,"template":"","format":"standard","meta":{"footnotes":""},"categories":[69],"tags":[],"class_list":["post-15403","post","type-post","status-publish","format-standard","","category-locales"],"_links":{"self":[{"href":"https:\/\/elportaldorrego.com\/index.php?rest_route=\/wp\/v2\/posts\/15403"}],"collection":[{"href":"https:\/\/elportaldorrego.com\/index.php?rest_route=\/wp\/v2\/posts"}],"about":[{"href":"https:\/\/elportaldorrego.com\/index.php?rest_route=\/wp\/v2\/types\/post"}],"author":[{"embeddable":true,"href":"https:\/\/elportaldorrego.com\/index.php?rest_route=\/wp\/v2\/users\/4"}],"replies":[{"embeddable":true,"href":"https:\/\/elportaldorrego.com\/index.php?rest_route=%2Fwp%2Fv2%2Fcomments&post=15403"}],"version-history":[{"count":1,"href":"https:\/\/elportaldorrego.com\/index.php?rest_route=\/wp\/v2\/posts\/15403\/revisions"}],"predecessor-version":[{"id":15406,"href":"https:\/\/elportaldorrego.com\/index.php?rest_route=\/wp\/v2\/posts\/15403\/revisions\/15406"}],"wp:attachment":[{"href":"https:\/\/elportaldorrego.com\/index.php?rest_route=%2Fwp%2Fv2%2Fmedia&parent=15403"}],"wp:term":[{"taxonomy":"category","embeddable":true,"href":"https:\/\/elportaldorrego.com\/index.php?rest_route=%2Fwp%2Fv2%2Fcategories&post=15403"},{"taxonomy":"post_tag","embeddable":true,"href":"https:\/\/elportaldorrego.com\/index.php?rest_route=%2Fwp%2Fv2%2Ftags&post=15403"}],"curies":[{"name":"wp","href":"https:\/\/api.w.org\/{rel}","templated":true}]}}