{"id":15407,"date":"2024-11-07T15:16:55","date_gmt":"2024-11-07T15:16:55","guid":{"rendered":"https:\/\/elportaldorrego.com\/?p=15407"},"modified":"2024-11-07T15:16:55","modified_gmt":"2024-11-07T15:16:55","slug":"juan-chalde-dejo-inaugurada-la-ii-jornada-por-el-dia-internacional-de-las-personas-mayores","status":"publish","type":"post","link":"https:\/\/elportaldorrego.com\/?p=15407","title":{"rendered":"Juan Chalde dej\u00f3 inaugurada la II Jornada por el D\u00eda Internacional de las Personas Mayores"},"content":{"rendered":"\n<p><\/p>\n\n\n\n<p>&nbsp;&nbsp;&nbsp;&nbsp;&nbsp;&nbsp;&nbsp;&nbsp;&nbsp;&nbsp;&nbsp; El intendente Chalde dej\u00f3 inaugurada en la ma\u00f1ana de este jueves la II Jornada por el D\u00eda Internacional de las Personas Mayores que tiene desarrollo en el Centro Cultural. Ante una importante concurrencia el jefe comunal manifest\u00f3 la relevancia de la fecha que concretamente se celebra el 1\u00ba de octubre ya que la Asamblea General de las Naciones Unidas la instaur\u00f3 para reconocer las contribuciones de las personas de edad y examinar cuestiones que afectan a sus vidas.<\/p>\n\n\n\n<p>&nbsp;&nbsp;&nbsp;&nbsp;&nbsp;&nbsp;&nbsp;&nbsp;&nbsp;&nbsp;&nbsp; Juan Chalde hizo particular hincapi\u00e9 en los derechos de las personas mayores; al respecto manifest\u00f3 que \u00abEste momento sirve mucho para reflexionar y visibilizar, pero cada uno de los momentos, anteriores y posteriores, son los que hacen que esos derechos se puedan ejercer\u00bb. Agreg\u00f3 luego: \u00abDesde el municipio adem\u00e1s de las tareas que se ven\u00edan realizando, durante este a\u00f1o 2024, tuvimos la oportunidad y lo pudimos concretar, de tener un Centro de D\u00eda para Personas Mayores, que hoy nos est\u00e1n acompa\u00f1ando, y realmente es un avance muy importante, es un lugar que les permite, justamente, disfrutar de todas estas cosas de las que estamos hablando en este encuentro; as\u00ed que desde mi lugar como intendente municipal, es una satisfacci\u00f3n poder abrir esta Jornada de trabajo que vamos a tener hoy; felicitar al \u00e1rea de Desarrollo Social y al \u00e1rea de Personas Mayores, y a quienes hacen posible que esto diariamente se materialice\u00bb. El jefe comunal agradeci\u00f3 y subray\u00f3 la presencia de j\u00f3venes estudiantes presentes en la Jornada.<\/p>\n\n\n\n<p>&nbsp;&nbsp;&nbsp;&nbsp;&nbsp;&nbsp;&nbsp;&nbsp;&nbsp;&nbsp;&nbsp; Posteriormente pronunci\u00f3 un discurso el titular de Desarrollo Social; Luciano Ripoll, habl\u00f3 de todas las tareas que lleva a cabo el municipio, a trav\u00e9s de pol\u00edticas espec\u00edficas establecidas por el gobierno del contador Chalde y se refiri\u00f3 adem\u00e1s al compromiso de todas las \u00e1reas de la direcci\u00f3n a su cargo.<\/p>\n\n\n\n<p>&nbsp;&nbsp;&nbsp;&nbsp;&nbsp;&nbsp;&nbsp;&nbsp;&nbsp;&nbsp;&nbsp; Por \u00faltimo habl\u00f3 la responsable de Personas Mayores, Andrea Lupani, quien explic\u00f3 todas las actividades que se van a desarrollar hoy jueves en el marco de esta II Jornada de las Personas Mayores.<\/p>\n\n\n\n<p>Info y foto : Prensa municipalidad de C.Dorrego <\/p>\n\n\n\n<p><\/p>\n\n\n\n<figure class=\"wp-block-image size-large\"><img decoding=\"async\" src=\"http:\/\/elportaldorrego.com\/wp-content\/uploads\/2024\/11\/1-2-1024x472.jpg\" alt=\"\" class=\"wp-image-15408\" \/><\/figure>\n","protected":false},"excerpt":{"rendered":"<p>&nbsp;&nbsp;&nbsp;&nbsp;&nbsp;&nbsp;&nbsp;&nbsp;&nbsp;&nbsp;&nbsp; El intendente Chalde dej\u00f3 inaugurada en la ma\u00f1ana de este jueves la II Jornada por el D\u00eda Internacional de las Personas Mayores que tiene desarrollo en el Centro Cultural. Ante una importante concurrencia el jefe comunal manifest\u00f3 la relevancia de la fecha que concretamente se celebra el 1\u00ba de octubre ya que la Asamblea &hellip;<\/p>\n","protected":false},"author":4,"featured_media":0,"comment_status":"open","ping_status":"open","sticky":false,"template":"","format":"standard","meta":{"footnotes":""},"categories":[69],"tags":[],"class_list":["post-15407","post","type-post","status-publish","format-standard","","category-locales"],"_links":{"self":[{"href":"https:\/\/elportaldorrego.com\/index.php?rest_route=\/wp\/v2\/posts\/15407"}],"collection":[{"href":"https:\/\/elportaldorrego.com\/index.php?rest_route=\/wp\/v2\/posts"}],"about":[{"href":"https:\/\/elportaldorrego.com\/index.php?rest_route=\/wp\/v2\/types\/post"}],"author":[{"embeddable":true,"href":"https:\/\/elportaldorrego.com\/index.php?rest_route=\/wp\/v2\/users\/4"}],"replies":[{"embeddable":true,"href":"https:\/\/elportaldorrego.com\/index.php?rest_route=%2Fwp%2Fv2%2Fcomments&post=15407"}],"version-history":[{"count":1,"href":"https:\/\/elportaldorrego.com\/index.php?rest_route=\/wp\/v2\/posts\/15407\/revisions"}],"predecessor-version":[{"id":15409,"href":"https:\/\/elportaldorrego.com\/index.php?rest_route=\/wp\/v2\/posts\/15407\/revisions\/15409"}],"wp:attachment":[{"href":"https:\/\/elportaldorrego.com\/index.php?rest_route=%2Fwp%2Fv2%2Fmedia&parent=15407"}],"wp:term":[{"taxonomy":"category","embeddable":true,"href":"https:\/\/elportaldorrego.com\/index.php?rest_route=%2Fwp%2Fv2%2Fcategories&post=15407"},{"taxonomy":"post_tag","embeddable":true,"href":"https:\/\/elportaldorrego.com\/index.php?rest_route=%2Fwp%2Fv2%2Ftags&post=15407"}],"curies":[{"name":"wp","href":"https:\/\/api.w.org\/{rel}","templated":true}]}}