{"id":15414,"date":"2024-11-08T14:37:27","date_gmt":"2024-11-08T14:37:27","guid":{"rendered":"https:\/\/elportaldorrego.com\/?p=15414"},"modified":"2024-11-08T14:37:27","modified_gmt":"2024-11-08T14:37:27","slug":"29-y-30-de-noviembre-se-realizara-la-fiesta-de-la-produccion-artesanal-de-cerveza","status":"publish","type":"post","link":"https:\/\/elportaldorrego.com\/?p=15414","title":{"rendered":"29 y 30 de noviembre se realizar\u00e1 la Fiesta de la Producci\u00f3n Artesanal de Cerveza"},"content":{"rendered":"\n<p><\/p>\n\n\n\n<p>&nbsp;&nbsp;&nbsp;&nbsp;&nbsp;&nbsp;&nbsp;&nbsp;&nbsp;&nbsp;&nbsp; La Direcci\u00f3n de Producci\u00f3n inform\u00f3 que se est\u00e1 trabajando ultimando detalles de lo que ser\u00e1 la Fiesta de la Producci\u00f3n Artesanal de Cerveza. Se realizar\u00e1 29 y 30 de este mes en el Vivero Parque. Contendr\u00e1 charlas relacionadas a esta alternativa productiva, visitas guiadas, stands y n\u00fameros art\u00edsticos.<\/p>\n\n\n\n<p>&nbsp;&nbsp;&nbsp;&nbsp;&nbsp;&nbsp;&nbsp;&nbsp;&nbsp;&nbsp;&nbsp; Los productores de cerveza artesanal que deseen participar pueden acercarse a la Direcci\u00f3n de Producci\u00f3n.<\/p>\n\n\n\n<p>Info  : Prensa municipalidad de C.Dorrego <\/p>\n","protected":false},"excerpt":{"rendered":"<p>&nbsp;&nbsp;&nbsp;&nbsp;&nbsp;&nbsp;&nbsp;&nbsp;&nbsp;&nbsp;&nbsp; La Direcci\u00f3n de Producci\u00f3n inform\u00f3 que se est\u00e1 trabajando ultimando detalles de lo que ser\u00e1 la Fiesta de la Producci\u00f3n Artesanal de Cerveza. Se realizar\u00e1 29 y 30 de este mes en el Vivero Parque. Contendr\u00e1 charlas relacionadas a esta alternativa productiva, visitas guiadas, stands y n\u00fameros art\u00edsticos. &nbsp;&nbsp;&nbsp;&nbsp;&nbsp;&nbsp;&nbsp;&nbsp;&nbsp;&nbsp;&nbsp; Los productores de cerveza artesanal &hellip;<\/p>\n","protected":false},"author":4,"featured_media":0,"comment_status":"open","ping_status":"open","sticky":false,"template":"","format":"standard","meta":{"footnotes":""},"categories":[69],"tags":[],"class_list":["post-15414","post","type-post","status-publish","format-standard","","category-locales"],"_links":{"self":[{"href":"https:\/\/elportaldorrego.com\/index.php?rest_route=\/wp\/v2\/posts\/15414"}],"collection":[{"href":"https:\/\/elportaldorrego.com\/index.php?rest_route=\/wp\/v2\/posts"}],"about":[{"href":"https:\/\/elportaldorrego.com\/index.php?rest_route=\/wp\/v2\/types\/post"}],"author":[{"embeddable":true,"href":"https:\/\/elportaldorrego.com\/index.php?rest_route=\/wp\/v2\/users\/4"}],"replies":[{"embeddable":true,"href":"https:\/\/elportaldorrego.com\/index.php?rest_route=%2Fwp%2Fv2%2Fcomments&post=15414"}],"version-history":[{"count":1,"href":"https:\/\/elportaldorrego.com\/index.php?rest_route=\/wp\/v2\/posts\/15414\/revisions"}],"predecessor-version":[{"id":15415,"href":"https:\/\/elportaldorrego.com\/index.php?rest_route=\/wp\/v2\/posts\/15414\/revisions\/15415"}],"wp:attachment":[{"href":"https:\/\/elportaldorrego.com\/index.php?rest_route=%2Fwp%2Fv2%2Fmedia&parent=15414"}],"wp:term":[{"taxonomy":"category","embeddable":true,"href":"https:\/\/elportaldorrego.com\/index.php?rest_route=%2Fwp%2Fv2%2Fcategories&post=15414"},{"taxonomy":"post_tag","embeddable":true,"href":"https:\/\/elportaldorrego.com\/index.php?rest_route=%2Fwp%2Fv2%2Ftags&post=15414"}],"curies":[{"name":"wp","href":"https:\/\/api.w.org\/{rel}","templated":true}]}}