{"id":15474,"date":"2024-11-11T12:17:54","date_gmt":"2024-11-11T12:17:54","guid":{"rendered":"https:\/\/elportaldorrego.com\/?p=15474"},"modified":"2024-11-11T12:17:56","modified_gmt":"2024-11-11T12:17:56","slug":"en-el-centro-cultural-se-presentara-un-libro-sobre-osvaldo-crego-2","status":"publish","type":"post","link":"https:\/\/elportaldorrego.com\/?p=15474","title":{"rendered":"En el Centro Cultural se presentar\u00e1 un libro sobre Osvaldo Crego"},"content":{"rendered":"\n<p><\/p>\n\n\n\n<p>&nbsp;&nbsp;&nbsp;&nbsp;&nbsp;&nbsp;&nbsp;&nbsp;&nbsp;&nbsp;&nbsp; En el Centro Cultural, este jueves 14 de noviembre a las 19:30, se presentar\u00e1 \u00abLecci\u00f3n de Optimismo\u00bb, una obra que explora la vida del Doctor Osvaldo An\u00edbal Crego. El libro repasa momentos clave de su carrera como m\u00e9dico, servidor p\u00fablico y l\u00edder comunitario, destacando su compromiso visionario y dedicaci\u00f3n hacia su pueblo.<\/p>\n\n\n\n<p>&nbsp;&nbsp;&nbsp;&nbsp;&nbsp;&nbsp;&nbsp;&nbsp;&nbsp;&nbsp;&nbsp; \u00abNacido en 1931, Crego se gradu\u00f3 en Medicina en 1958 y m\u00e1s tarde se dedic\u00f3 a la pol\u00edtica, desempe\u00f1ando importantes roles como diputado provincial, presidente del Concejo Deliberante e Intendente Municipal en tres ocasiones. Su trayectoria est\u00e1 marcada por la integridad y el servicio desinteresado\u00bb.<\/p>\n\n\n\n<p>&nbsp;&nbsp;&nbsp;&nbsp;&nbsp;&nbsp;&nbsp;&nbsp;&nbsp;&nbsp;&nbsp; Osvaldo Crego falleci\u00f3 el 26 de septiembre de este a\u00f1o.<\/p>\n\n\n\n<p>Info e imagen  : Prensa municipalidad de C.Dorrego <\/p>\n\n\n\n<figure class=\"wp-block-image size-full\"><img decoding=\"async\" src=\"http:\/\/elportaldorrego.com\/wp-content\/uploads\/2024\/11\/image002-10.jpg\" alt=\"\" class=\"wp-image-15475\" \/><\/figure>\n","protected":false},"excerpt":{"rendered":"<p>&nbsp;&nbsp;&nbsp;&nbsp;&nbsp;&nbsp;&nbsp;&nbsp;&nbsp;&nbsp;&nbsp; En el Centro Cultural, este jueves 14 de noviembre a las 19:30, se presentar\u00e1 \u00abLecci\u00f3n de Optimismo\u00bb, una obra que explora la vida del Doctor Osvaldo An\u00edbal Crego. El libro repasa momentos clave de su carrera como m\u00e9dico, servidor p\u00fablico y l\u00edder comunitario, destacando su compromiso visionario y dedicaci\u00f3n hacia su pueblo. &nbsp;&nbsp;&nbsp;&nbsp;&nbsp;&nbsp;&nbsp;&nbsp;&nbsp;&nbsp;&nbsp; \u00abNacido &hellip;<\/p>\n","protected":false},"author":4,"featured_media":0,"comment_status":"open","ping_status":"open","sticky":false,"template":"","format":"standard","meta":{"footnotes":""},"categories":[69],"tags":[],"class_list":["post-15474","post","type-post","status-publish","format-standard","","category-locales"],"_links":{"self":[{"href":"https:\/\/elportaldorrego.com\/index.php?rest_route=\/wp\/v2\/posts\/15474"}],"collection":[{"href":"https:\/\/elportaldorrego.com\/index.php?rest_route=\/wp\/v2\/posts"}],"about":[{"href":"https:\/\/elportaldorrego.com\/index.php?rest_route=\/wp\/v2\/types\/post"}],"author":[{"embeddable":true,"href":"https:\/\/elportaldorrego.com\/index.php?rest_route=\/wp\/v2\/users\/4"}],"replies":[{"embeddable":true,"href":"https:\/\/elportaldorrego.com\/index.php?rest_route=%2Fwp%2Fv2%2Fcomments&post=15474"}],"version-history":[{"count":1,"href":"https:\/\/elportaldorrego.com\/index.php?rest_route=\/wp\/v2\/posts\/15474\/revisions"}],"predecessor-version":[{"id":15476,"href":"https:\/\/elportaldorrego.com\/index.php?rest_route=\/wp\/v2\/posts\/15474\/revisions\/15476"}],"wp:attachment":[{"href":"https:\/\/elportaldorrego.com\/index.php?rest_route=%2Fwp%2Fv2%2Fmedia&parent=15474"}],"wp:term":[{"taxonomy":"category","embeddable":true,"href":"https:\/\/elportaldorrego.com\/index.php?rest_route=%2Fwp%2Fv2%2Fcategories&post=15474"},{"taxonomy":"post_tag","embeddable":true,"href":"https:\/\/elportaldorrego.com\/index.php?rest_route=%2Fwp%2Fv2%2Ftags&post=15474"}],"curies":[{"name":"wp","href":"https:\/\/api.w.org\/{rel}","templated":true}]}}