{"id":17478,"date":"2025-06-10T14:13:20","date_gmt":"2025-06-10T14:13:20","guid":{"rendered":"https:\/\/elportaldorrego.com\/?p=17478"},"modified":"2025-06-10T14:13:21","modified_gmt":"2025-06-10T14:13:21","slug":"optimizacion-del-servicio-de-ambulancias","status":"publish","type":"post","link":"https:\/\/elportaldorrego.com\/?p=17478","title":{"rendered":"Optimizaci\u00f3n del servicio de ambulancias"},"content":{"rendered":"\n<p><\/p>\n\n\n\n<p>&nbsp;&nbsp;&nbsp;&nbsp;&nbsp;&nbsp;&nbsp;&nbsp;&nbsp;&nbsp;&nbsp;&nbsp;&nbsp;&nbsp;&nbsp;&nbsp;El intendente Chalde inform\u00f3 que la nueva ambulancia que previamente gestionara y recibiera de manos del gobernador Kicillof d\u00edas atr\u00e1s, est\u00e1 en funciones en el Hospital Municipal local, en tanto la unidad que fue reemplazada ha sido afectada a la Unidad Sanitaria de Oriente y la que revistaba en el lugar, atendiendo a sus buenas condiciones de uso reemplazar\u00e1 a la que est\u00e1 afectada a la Sala de Primeros Auxilios de Aparicio.<\/p>\n\n\n\n<p>&nbsp;&nbsp;&nbsp;&nbsp;&nbsp;&nbsp;&nbsp;&nbsp;&nbsp;&nbsp;&nbsp; El jefe comunal manifest\u00f3 que con esta redistribuci\u00f3n se mejora notablemente la log\u00edstica de Salud en el Distrito.&nbsp;<\/p>\n\n\n\n<p>Info : Prensa municipalidad de C.Dorrego <\/p>\n","protected":false},"excerpt":{"rendered":"<p>&nbsp;&nbsp;&nbsp;&nbsp;&nbsp;&nbsp;&nbsp;&nbsp;&nbsp;&nbsp;&nbsp;&nbsp;&nbsp;&nbsp;&nbsp;&nbsp;El intendente Chalde inform\u00f3 que la nueva ambulancia que previamente gestionara y recibiera de manos del gobernador Kicillof d\u00edas atr\u00e1s, est\u00e1 en funciones en el Hospital Municipal local, en tanto la unidad que fue reemplazada ha sido afectada a la Unidad Sanitaria de Oriente y la que revistaba en el lugar, atendiendo a sus buenas &hellip;<\/p>\n","protected":false},"author":4,"featured_media":17119,"comment_status":"open","ping_status":"open","sticky":false,"template":"","format":"standard","meta":{"footnotes":""},"categories":[69],"tags":[],"class_list":["post-17478","post","type-post","status-publish","format-standard","has-post-thumbnail","","category-locales"],"_links":{"self":[{"href":"https:\/\/elportaldorrego.com\/index.php?rest_route=\/wp\/v2\/posts\/17478"}],"collection":[{"href":"https:\/\/elportaldorrego.com\/index.php?rest_route=\/wp\/v2\/posts"}],"about":[{"href":"https:\/\/elportaldorrego.com\/index.php?rest_route=\/wp\/v2\/types\/post"}],"author":[{"embeddable":true,"href":"https:\/\/elportaldorrego.com\/index.php?rest_route=\/wp\/v2\/users\/4"}],"replies":[{"embeddable":true,"href":"https:\/\/elportaldorrego.com\/index.php?rest_route=%2Fwp%2Fv2%2Fcomments&post=17478"}],"version-history":[{"count":1,"href":"https:\/\/elportaldorrego.com\/index.php?rest_route=\/wp\/v2\/posts\/17478\/revisions"}],"predecessor-version":[{"id":17479,"href":"https:\/\/elportaldorrego.com\/index.php?rest_route=\/wp\/v2\/posts\/17478\/revisions\/17479"}],"wp:featuredmedia":[{"embeddable":true,"href":"https:\/\/elportaldorrego.com\/index.php?rest_route=\/wp\/v2\/media\/17119"}],"wp:attachment":[{"href":"https:\/\/elportaldorrego.com\/index.php?rest_route=%2Fwp%2Fv2%2Fmedia&parent=17478"}],"wp:term":[{"taxonomy":"category","embeddable":true,"href":"https:\/\/elportaldorrego.com\/index.php?rest_route=%2Fwp%2Fv2%2Fcategories&post=17478"},{"taxonomy":"post_tag","embeddable":true,"href":"https:\/\/elportaldorrego.com\/index.php?rest_route=%2Fwp%2Fv2%2Ftags&post=17478"}],"curies":[{"name":"wp","href":"https:\/\/api.w.org\/{rel}","templated":true}]}}