{"id":2829,"date":"2022-08-04T14:44:18","date_gmt":"2022-08-04T14:44:18","guid":{"rendered":"http:\/\/elportaldorrego.com\/?p=2829"},"modified":"2022-08-04T14:44:21","modified_gmt":"2022-08-04T14:44:21","slug":"veronica-magario-abrio-jornada-sobre-accesibilidad-y-salud-mental-comunitaria-junto-a-jovenes-bonaerenses","status":"publish","type":"post","link":"https:\/\/elportaldorrego.com\/?p=2829","title":{"rendered":"Ver\u00f3nica Magario abri\u00f3 jornada sobre Accesibilidad y Salud Mental Comunitaria junto a j\u00f3venes bonaerenses"},"content":{"rendered":"\n<h5 class=\"wp-block-heading\"><em>Con la presencia de senadores, representantes de organismos provinciales y adolescentes provenientes de distintos puntos de la Provincia, se desarroll\u00f3 un conversatorio que propicia la participaci\u00f3n y el protagonismo de los y las j\u00f3venes en la construcci\u00f3n de pol\u00edticas p\u00fablicas.<\/em><\/h5>\n\n\n\n<h5 class=\"wp-block-heading\">En el marco de un Convenio de Cooperaci\u00f3n entre el Senado bonaerense y los ministerios de Desarrollo de la Comunidad, Salud y la Direcci\u00f3n General de Cultura y Educaci\u00f3n, se llev\u00f3 adelante un encuentro sobre Accesibilidad y Salud Mental, como parte del ciclo de Conversatorios: Adolescencia y Comunidad.<\/h5>\n\n\n\n<h5 class=\"wp-block-heading\">La vicegobernadora bonaerense, Ver\u00f3nica Magario, inaugur\u00f3 la jornada de debate y subray\u00f3 la importancia de que el Senado de la Provincia abra sus puertas para recibir el aporte de los j\u00f3venes.<\/h5>\n\n\n\n<h5 class=\"wp-block-heading\">\u201cEste a\u00f1o se cumple el 150\u00b0 per\u00edodo legislativo y decidimos poner en valor este aniversario apuntando el trabajo hacia las ni\u00f1eces, las adolescencias y las juventudes, as\u00ed que ustedes est\u00e1n ac\u00e1 porque nuestra tarea est\u00e1 dedicada a ustedes\u201d, explic\u00f3 Magario a los adolescentes.<\/h5>\n\n\n\n<h5 class=\"wp-block-heading\">\u00abQueremos acompa\u00f1arlos y poner la oreja, que no es un t\u00e9rmino as\u00ed nom\u00e1s. Nosotros nos sentamos junto a nuestros ni\u00f1os y j\u00f3venes porque queremos que ellos nos marquen el camino. Sino lo que sucede es que discutimos entre los grandes y no ponemos en valor lo que nuestros adolescentes necesitan\u201d, a\u00f1adi\u00f3.<\/h5>\n\n\n\n<h5 class=\"wp-block-heading\">Para la presidenta del Senado bonaerense, las \u00e1reas de Salud, Educaci\u00f3n y Desarrollo de la Comunidad son inseparables: \u201cLa escuela, el club, la salita de atenci\u00f3n primaria, los espacios de contenci\u00f3n social deportiva y recreativa, son los que conforman nuestros barrios y nosotros creemos en el trabajo territorial\u201d, indic\u00f3.<\/h5>\n\n\n\n<h5 class=\"wp-block-heading\">Magario sostuvo que la idea es replicar este tipo de programas en todo el territorio bonaerense para que \u00abse multipliquen los proyectos de los j\u00f3venes, en pos de dise\u00f1ar nuevas pol\u00edticas p\u00fablicas\u00bb.<\/h5>\n\n\n\n<h5 class=\"wp-block-heading\">Del encuentro participaron adolescentes provenientes de Chacabuco, Florencio Varela, La Matanza, Merlo, Mor\u00f3n, Villa Gesell y Z\u00e1rate.<\/h5>\n\n\n\n<h5 class=\"wp-block-heading\">A su turno, el director de Pol\u00edticas Sociales Integrales del Senado, Norberto Liwski, destac\u00f3 la importancia de encontrar caminos que mejoren la convivencia comunitaria y las din\u00e1micas de trabajo entre adultos y j\u00f3venes.<\/h5>\n\n\n\n<h5 class=\"wp-block-heading\">\u201cHablar de salud mental comunitaria es hablar de no discriminaci\u00f3n, de no estigmatizaci\u00f3n, de prevenci\u00f3n y de promoci\u00f3n de la salud en t\u00e9rminos integrales\u201d, asegur\u00f3.<\/h5>\n\n\n\n<h5 class=\"wp-block-heading\">En esa l\u00ednea, la subsecretaria de Salud Mental, Consumos Problem\u00e1ticos y Violencia en el \u00c1mbito de la Salud P\u00fablica Provincial, Julieta Calmels, reivindic\u00f3 la participaci\u00f3n juvenil en espacios de decisi\u00f3n y propuso un di\u00e1logo intergeneracional para abordar la salud mental.<\/h5>\n\n\n\n<h5 class=\"wp-block-heading\">\u201cNos encontramos que la pandemia puso de manifiesto que la salud mental es una parte de la vida y que merece un cuidado y un acompa\u00f1amiento de quienes construimos pol\u00edticas p\u00fablicas\u201d, precis\u00f3.<\/h5>\n\n\n\n<h5 class=\"wp-block-heading\">Asimismo, el intendente de Villa Gesell, Gustavo Barrera, tambi\u00e9n revaloriz\u00f3 el rol protag\u00f3nico de los adolescentes y agradeci\u00f3 que el Senado abra sus puertas.<\/h5>\n\n\n\n<h5 class=\"wp-block-heading\">\u201cQue ustedes, j\u00f3venes de diferentes distritos, est\u00e9n ac\u00e1 participando es muy importante. La soluci\u00f3n est\u00e1 en la participaci\u00f3n y en tratar los temas que realmente interesan y preocupan a nuestra juventud\u201d, afirm\u00f3.<\/h5>\n\n\n\n<h5 class=\"wp-block-heading\">Estuvieron presentes los senadores Teresa Garc\u00eda, Alfredo Fisher y Vanesa Spadone; el Director de Ni\u00f1ez y Adolescencia del ministerio de Salud, Federico Paruelo; la subsecretaria de Promoci\u00f3n y Protecci\u00f3n de Derechos de la cartera de Desarrollo de la Comunidad, Mariana Fiamingo; la directora provincial de juventudes, Mariana Ruiz; la directora de Prevenci\u00f3n Socio Comunitaria y titular del programa Envi\u00f3n, Carolina Schmukler; la directora de Pol\u00edticas Socio Educativas de la Direcci\u00f3n General de Cultura y Educaci\u00f3n, Natalia Bragagnolo; y la subdirectora de Convivencia Escolar, Tamara Rosenbluth (DGCyE) y el candidato al Premio Nobel de la Paz, Odino Faccia.<\/h5>\n\n\n\n<p>Prensa Senado Bonaerense\u00a0<\/p>\n\n\n\n<p><\/p>\n\n\n\n<p><em>\ue740<\/em><\/p>\n","protected":false},"excerpt":{"rendered":"<p>Con la presencia de senadores, representantes de organismos provinciales y adolescentes provenientes de distintos puntos de la Provincia, se desarroll\u00f3 un conversatorio que propicia la participaci\u00f3n y el protagonismo de los y las j\u00f3venes en la construcci\u00f3n de pol\u00edticas p\u00fablicas. En el marco de un Convenio de Cooperaci\u00f3n entre el Senado bonaerense y los ministerios &hellip;<\/p>\n","protected":false},"author":4,"featured_media":0,"comment_status":"open","ping_status":"open","sticky":false,"template":"","format":"standard","meta":{"footnotes":""},"categories":[101],"tags":[],"class_list":["post-2829","post","type-post","status-publish","format-standard","","category-provincia"],"_links":{"self":[{"href":"https:\/\/elportaldorrego.com\/index.php?rest_route=\/wp\/v2\/posts\/2829"}],"collection":[{"href":"https:\/\/elportaldorrego.com\/index.php?rest_route=\/wp\/v2\/posts"}],"about":[{"href":"https:\/\/elportaldorrego.com\/index.php?rest_route=\/wp\/v2\/types\/post"}],"author":[{"embeddable":true,"href":"https:\/\/elportaldorrego.com\/index.php?rest_route=\/wp\/v2\/users\/4"}],"replies":[{"embeddable":true,"href":"https:\/\/elportaldorrego.com\/index.php?rest_route=%2Fwp%2Fv2%2Fcomments&post=2829"}],"version-history":[{"count":1,"href":"https:\/\/elportaldorrego.com\/index.php?rest_route=\/wp\/v2\/posts\/2829\/revisions"}],"predecessor-version":[{"id":2831,"href":"https:\/\/elportaldorrego.com\/index.php?rest_route=\/wp\/v2\/posts\/2829\/revisions\/2831"}],"wp:attachment":[{"href":"https:\/\/elportaldorrego.com\/index.php?rest_route=%2Fwp%2Fv2%2Fmedia&parent=2829"}],"wp:term":[{"taxonomy":"category","embeddable":true,"href":"https:\/\/elportaldorrego.com\/index.php?rest_route=%2Fwp%2Fv2%2Fcategories&post=2829"},{"taxonomy":"post_tag","embeddable":true,"href":"https:\/\/elportaldorrego.com\/index.php?rest_route=%2Fwp%2Fv2%2Ftags&post=2829"}],"curies":[{"name":"wp","href":"https:\/\/api.w.org\/{rel}","templated":true}]}}