{"id":2832,"date":"2022-08-04T15:00:29","date_gmt":"2022-08-04T15:00:29","guid":{"rendered":"http:\/\/elportaldorrego.com\/?p=2832"},"modified":"2022-08-04T15:00:32","modified_gmt":"2022-08-04T15:00:32","slug":"continua-la-posibilidad-de-acceder-a-los-creditos-buenos-aires-crea","status":"publish","type":"post","link":"https:\/\/elportaldorrego.com\/?p=2832","title":{"rendered":"Contin\u00faa la posibilidad de acceder a los cr\u00e9ditos  \u201cBuenos Aires Crea\u201d"},"content":{"rendered":"\n<p><strong>#ProvinciaEnMarcha<\/strong><\/p>\n\n\n\n<p><\/p>\n\n\n\n<p>El Gobierno de la Provincia de Buenos Aires lanz\u00f3 el programa de cr\u00e9ditos para reformas, refacciones y ampliaciones de viviendas a tasa 0% que busca garantizar la igualdad de oportunidades para las familias bonaerenses y motorizar la econom\u00eda a trav\u00e9s de la generaci\u00f3n de empleo.<\/p>\n\n\n\n<p>Es un programa del Instituto de la Vivienda que ofrece tres l\u00edneas de financiamiento:<\/p>\n\n\n\n<p>*Refacciones menores, de hasta $185 mil, en 36 cuotas.<\/p>\n\n\n\n<p>*Refacciones mayores, hasta $370 mil, en 72 cuotas.<\/p>\n\n\n\n<p>*Ampliaci\u00f3n hasta $740 mil, en 72 cuotas.<\/p>\n\n\n\n<p>\u00a0M\u00e1s informaci\u00f3n en <a href=\"https:\/\/bit.ly\/3PIM6Qh\">https:\/\/bit.ly\/3PIM6Qh<\/a> <\/p>\n\n\n\n<p>Secretar\u00eda de Comunicaci\u00f3n, Ceremonial y Protocolo\u00a0<br>Municipalidad de Monte Hermoso<\/p>\n","protected":false},"excerpt":{"rendered":"<p>#ProvinciaEnMarcha El Gobierno de la Provincia de Buenos Aires lanz\u00f3 el programa de cr\u00e9ditos para reformas, refacciones y ampliaciones de viviendas a tasa 0% que busca garantizar la igualdad de oportunidades para las familias bonaerenses y motorizar la econom\u00eda a trav\u00e9s de la generaci\u00f3n de empleo. Es un programa del Instituto de la Vivienda que &hellip;<\/p>\n","protected":false},"author":4,"featured_media":0,"comment_status":"open","ping_status":"open","sticky":false,"template":"","format":"standard","meta":{"footnotes":""},"categories":[101,105],"tags":[],"class_list":["post-2832","post","type-post","status-publish","format-standard","","category-provincia","category-region"],"_links":{"self":[{"href":"https:\/\/elportaldorrego.com\/index.php?rest_route=\/wp\/v2\/posts\/2832"}],"collection":[{"href":"https:\/\/elportaldorrego.com\/index.php?rest_route=\/wp\/v2\/posts"}],"about":[{"href":"https:\/\/elportaldorrego.com\/index.php?rest_route=\/wp\/v2\/types\/post"}],"author":[{"embeddable":true,"href":"https:\/\/elportaldorrego.com\/index.php?rest_route=\/wp\/v2\/users\/4"}],"replies":[{"embeddable":true,"href":"https:\/\/elportaldorrego.com\/index.php?rest_route=%2Fwp%2Fv2%2Fcomments&post=2832"}],"version-history":[{"count":1,"href":"https:\/\/elportaldorrego.com\/index.php?rest_route=\/wp\/v2\/posts\/2832\/revisions"}],"predecessor-version":[{"id":2834,"href":"https:\/\/elportaldorrego.com\/index.php?rest_route=\/wp\/v2\/posts\/2832\/revisions\/2834"}],"wp:attachment":[{"href":"https:\/\/elportaldorrego.com\/index.php?rest_route=%2Fwp%2Fv2%2Fmedia&parent=2832"}],"wp:term":[{"taxonomy":"category","embeddable":true,"href":"https:\/\/elportaldorrego.com\/index.php?rest_route=%2Fwp%2Fv2%2Fcategories&post=2832"},{"taxonomy":"post_tag","embeddable":true,"href":"https:\/\/elportaldorrego.com\/index.php?rest_route=%2Fwp%2Fv2%2Ftags&post=2832"}],"curies":[{"name":"wp","href":"https:\/\/api.w.org\/{rel}","templated":true}]}}