{"id":2863,"date":"2022-08-06T12:34:03","date_gmt":"2022-08-06T12:34:03","guid":{"rendered":"http:\/\/elportaldorrego.com\/?p=2863"},"modified":"2022-08-06T12:34:06","modified_gmt":"2022-08-06T12:34:06","slug":"balbin-visito-jujuy-para-conocer-de-cerca-la-experiencia-del-cannabis-medicinal","status":"publish","type":"post","link":"https:\/\/elportaldorrego.com\/?p=2863","title":{"rendered":"Balb\u00edn visit\u00f3 Jujuy para conocer de cerca la experiencia del cannabis medicinal"},"content":{"rendered":"\n<p><\/p>\n\n\n\n<p>Junto a concejales radicales de la Sexta secci\u00f3n, el legislador encabez\u00f3 una delegaci\u00f3n que visit\u00f3 la provincia del norte para conocer su modelo productivo, y ver de cerca la experiencia Cannava. Fueron recibidos por el gobernador Gerardo Morales. \u201cJujuy est\u00e1 encaminada a la prosperidad\u201d, dijo.<\/p>\n\n\n\n<p>Por iniciativa del diputado bonaerense Emiliano Balb\u00edn, un grupo de concejales y representantes comunales de la UCR de la regi\u00f3n estuvieron visitando la provincia del norte, y se entrevistaron con el gobernador Gerardo Morales.<\/p>\n\n\n\n<p>La comitiva encabezada por Balb\u00edn lleg\u00f3 a Jujuy para \u201cdialogar con Gerardo (Morales) sobre los proyectos productivos encarados por la Provincia vinculados a la producci\u00f3n de litio, las energ\u00edas renovables y el cannabis medicinal\u201d.<\/p>\n\n\n\n<p>\u201cCabe destacar la presencia de representantes de la Universidad del Sur, del INTA y emprendedores bonaerenses que buscan establecerse como productores privados de cannabis con fines medicinales y que ven en el modelo juje\u00f1o un camino a seguir\u201d, manifest\u00f3 Balb\u00edn.<\/p>\n\n\n\n<figure class=\"wp-block-image size-large\"><img decoding=\"async\" src=\"http:\/\/elportaldorrego.com\/wp-content\/uploads\/2022\/08\/morales-1-1024x661.jpeg\" alt=\"\" class=\"wp-image-2864\" \/><\/figure>\n\n\n\n<p>Por otra parte, Balb\u00edn indic\u00f3 que \u201cel encuentro sirvi\u00f3 para afianzar lazos con Jujuy, con la idea de replicar en la provincia de Buenos Aires lo que se est\u00e1 haciendo en \u00e9sta provincia. Es positivo que tanto funcionarios como representantes de la actividad acad\u00e9mica y privada puedan escuchar al gobernador Morales c\u00f3mo logr\u00f3 el desarrollo del litio, la energ\u00eda solar y cannabis medicinal\u201d.<\/p>\n\n\n\n<p>\u201cVivimos la experiencia Cannava \u2013continu\u00f3-, con la idea de conocer el avance del laboratorio y otros proyectos que se llevan adelante.<\/p>\n\n\n\n<p>Hay que recordar que en la provincia de Buenos Aires est\u00e1 pendiente la sanci\u00f3n de una Ley marco para el cannabis medicinal, que impide avanzar como lo hizo Jujuy, y que el legislador radical es el autor del \u00fanico proyecto presentado en este sentido y que a\u00fan cuenta con estado parlamentario.<\/p>\n\n\n\n<p>\u201cHace muchos a\u00f1os \u2013continu\u00f3 Balb\u00edn-, venimos trabajando con concejales, acad\u00e9micos y emprendedores de la sexta secci\u00f3n por tener un marco regulatorio del cultivo de Cannabis en la provincia de Buenos Aires que nos permita, como regi\u00f3n, producir m\u00e1s cantidad para lograr que las familias que tienen un dolor, puedan tener acceso m\u00e1s f\u00e1cilmente al aceite medicinal\u201d.<\/p>\n\n\n\n<p>\u201cEn todo este proceso y camino recorrido, Jujuy y la experiencia de CANNAVA fue un faro y hoy con esos concejales tuvimos la oportunidad de comprobar que lo que ve\u00edamos desde lo lejos era impresionante pero estar en el lugar supera a\u00fan m\u00e1s lo que sab\u00edamos y nos demuestra la importancia de&nbsp; que un estado eficiente lo lleve adelante\u201d, agreg\u00f3.<\/p>\n\n\n\n<p>Finalmente Balb\u00edn expres\u00f3 que \u00abnos llevamos m\u00e1s ideas, m\u00e1s herramientas y sin dudas m\u00e1s fuerzas para seguir poniendo este tema en la agenda p\u00fablica\u00bb.<\/p>\n\n\n\n<p>Emiliano Balb\u00edn Prensa\u00a0<\/p>\n\n\n\n<figure class=\"wp-block-image size-large\"><img decoding=\"async\" src=\"http:\/\/elportaldorrego.com\/wp-content\/uploads\/2022\/08\/jujuy-2-1024x768.jpeg\" alt=\"\" class=\"wp-image-2865\" \/><\/figure>\n","protected":false},"excerpt":{"rendered":"<p>Junto a concejales radicales de la Sexta secci\u00f3n, el legislador encabez\u00f3 una delegaci\u00f3n que visit\u00f3 la provincia del norte para conocer su modelo productivo, y ver de cerca la experiencia Cannava. Fueron recibidos por el gobernador Gerardo Morales. \u201cJujuy est\u00e1 encaminada a la prosperidad\u201d, dijo. Por iniciativa del diputado bonaerense Emiliano Balb\u00edn, un grupo de &hellip;<\/p>\n","protected":false},"author":4,"featured_media":0,"comment_status":"open","ping_status":"open","sticky":false,"template":"","format":"standard","meta":{"footnotes":""},"categories":[101],"tags":[],"class_list":["post-2863","post","type-post","status-publish","format-standard","","category-provincia"],"_links":{"self":[{"href":"https:\/\/elportaldorrego.com\/index.php?rest_route=\/wp\/v2\/posts\/2863"}],"collection":[{"href":"https:\/\/elportaldorrego.com\/index.php?rest_route=\/wp\/v2\/posts"}],"about":[{"href":"https:\/\/elportaldorrego.com\/index.php?rest_route=\/wp\/v2\/types\/post"}],"author":[{"embeddable":true,"href":"https:\/\/elportaldorrego.com\/index.php?rest_route=\/wp\/v2\/users\/4"}],"replies":[{"embeddable":true,"href":"https:\/\/elportaldorrego.com\/index.php?rest_route=%2Fwp%2Fv2%2Fcomments&post=2863"}],"version-history":[{"count":1,"href":"https:\/\/elportaldorrego.com\/index.php?rest_route=\/wp\/v2\/posts\/2863\/revisions"}],"predecessor-version":[{"id":2866,"href":"https:\/\/elportaldorrego.com\/index.php?rest_route=\/wp\/v2\/posts\/2863\/revisions\/2866"}],"wp:attachment":[{"href":"https:\/\/elportaldorrego.com\/index.php?rest_route=%2Fwp%2Fv2%2Fmedia&parent=2863"}],"wp:term":[{"taxonomy":"category","embeddable":true,"href":"https:\/\/elportaldorrego.com\/index.php?rest_route=%2Fwp%2Fv2%2Fcategories&post=2863"},{"taxonomy":"post_tag","embeddable":true,"href":"https:\/\/elportaldorrego.com\/index.php?rest_route=%2Fwp%2Fv2%2Ftags&post=2863"}],"curies":[{"name":"wp","href":"https:\/\/api.w.org\/{rel}","templated":true}]}}