{"id":2931,"date":"2022-08-09T13:50:29","date_gmt":"2022-08-09T13:50:29","guid":{"rendered":"http:\/\/elportaldorrego.com\/?p=2931"},"modified":"2022-08-09T14:04:28","modified_gmt":"2022-08-09T14:04:28","slug":"m-hermoso-inscripciones-abiertas-para-la-seleccion-de-personal-para-el-programa-nacional-de-orquestas-y-coros","status":"publish","type":"post","link":"https:\/\/elportaldorrego.com\/?p=2931","title":{"rendered":"M.Hermoso : Inscripciones abiertas para la selecci\u00f3n de personal para el Programa Nacional de Orquestas y Coros"},"content":{"rendered":"\n<p><strong>#Cultura #Educaci\u00f3n &nbsp;<\/strong><\/p>\n\n\n\n<p><\/p>\n\n\n\n<p>Hasta el viernes 12 de agosto inclusive permanecer\u00e1 abierta la inscripci\u00f3n para la selecci\u00f3n de director\/a y docentes de Orquesta y Coro Infantil y Juvenil del programa nacional lanzado meses atr\u00e1s por el Ministerio de Educaci\u00f3n de Naci\u00f3n.<\/p>\n\n\n\n<p class=\"has-text-color has-very-dark-gray-color\">Requisitos para la selecci\u00f3n y cargos a cubrir <a href=\"http:\/\/www.montehermoso.gov.ar\/prensa\/imagenes\/ProgramaNacionalOrquestasCoros.pdf\"><span class=\"has-inline-color has-vivid-cyan-blue-color\">www.montehermoso.gov.ar\/prensa\/imagenes\/ProgramaNacionalOrquestasCoros.pdf<\/span><\/a><\/p>\n\n\n\n<p>Las audiciones ser\u00e1n en el Centro de Convenciones y hasta el momento ya son m\u00e1s de 26 inscriptos de varios distritos entre ellos Bah\u00eda Blanca, Rosales, Tres Arroyos, Coronel Dorrego y Monte Hermoso.<\/p>\n\n\n\n<p>Los interesados deber\u00e1n enviar CV y cargo a postularse al mail orquestasycorosmontehermoso@gmail.com<\/p>\n\n\n\n<p>Para m\u00e1s informaci\u00f3n comun\u00edcate con la Secretaria de Turismo, Cultura y Deporte al 0291-481047<\/p>\n\n\n\n<p>Secretar\u00eda de Comunicaci\u00f3n, Ceremonial y Protocolo&nbsp;<br>Municipalidad de Monte Hermoso<\/p>\n","protected":false},"excerpt":{"rendered":"<p>#Cultura #Educaci\u00f3n &nbsp; Hasta el viernes 12 de agosto inclusive permanecer\u00e1 abierta la inscripci\u00f3n para la selecci\u00f3n de director\/a y docentes de Orquesta y Coro Infantil y Juvenil del programa nacional lanzado meses atr\u00e1s por el Ministerio de Educaci\u00f3n de Naci\u00f3n. Requisitos para la selecci\u00f3n y cargos a cubrir www.montehermoso.gov.ar\/prensa\/imagenes\/ProgramaNacionalOrquestasCoros.pdf Las audiciones ser\u00e1n en el &hellip;<\/p>\n","protected":false},"author":4,"featured_media":0,"comment_status":"open","ping_status":"open","sticky":false,"template":"","format":"standard","meta":{"footnotes":""},"categories":[77,105],"tags":[],"class_list":["post-2931","post","type-post","status-publish","format-standard","","category-generales","category-region"],"_links":{"self":[{"href":"https:\/\/elportaldorrego.com\/index.php?rest_route=\/wp\/v2\/posts\/2931"}],"collection":[{"href":"https:\/\/elportaldorrego.com\/index.php?rest_route=\/wp\/v2\/posts"}],"about":[{"href":"https:\/\/elportaldorrego.com\/index.php?rest_route=\/wp\/v2\/types\/post"}],"author":[{"embeddable":true,"href":"https:\/\/elportaldorrego.com\/index.php?rest_route=\/wp\/v2\/users\/4"}],"replies":[{"embeddable":true,"href":"https:\/\/elportaldorrego.com\/index.php?rest_route=%2Fwp%2Fv2%2Fcomments&post=2931"}],"version-history":[{"count":2,"href":"https:\/\/elportaldorrego.com\/index.php?rest_route=\/wp\/v2\/posts\/2931\/revisions"}],"predecessor-version":[{"id":2934,"href":"https:\/\/elportaldorrego.com\/index.php?rest_route=\/wp\/v2\/posts\/2931\/revisions\/2934"}],"wp:attachment":[{"href":"https:\/\/elportaldorrego.com\/index.php?rest_route=%2Fwp%2Fv2%2Fmedia&parent=2931"}],"wp:term":[{"taxonomy":"category","embeddable":true,"href":"https:\/\/elportaldorrego.com\/index.php?rest_route=%2Fwp%2Fv2%2Fcategories&post=2931"},{"taxonomy":"post_tag","embeddable":true,"href":"https:\/\/elportaldorrego.com\/index.php?rest_route=%2Fwp%2Fv2%2Ftags&post=2931"}],"curies":[{"name":"wp","href":"https:\/\/api.w.org\/{rel}","templated":true}]}}