{"id":3678,"date":"2022-09-01T15:38:43","date_gmt":"2022-09-01T15:38:43","guid":{"rendered":"http:\/\/elportaldorrego.com\/?p=3678"},"modified":"2022-09-01T15:38:45","modified_gmt":"2022-09-01T15:38:45","slug":"m-hermoso-ya-se-palpita-una-nueva-edicion-de-la-fiesta-nacional-de-la-primavera-del-23-al-25-de-septiembre","status":"publish","type":"post","link":"https:\/\/elportaldorrego.com\/?p=3678","title":{"rendered":"M.Hermoso : Ya se palpita una nueva edici\u00f3n de la Fiesta Nacional de la Primavera del 23 al 25 de Septiembre"},"content":{"rendered":"\n<p><strong>#28Primaveras<\/strong><\/p>\n\n\n\n<p><\/p>\n\n\n\n<p>Monte Hermoso se prepara para la vuelta de uno de los eventos m\u00e1s esperados y convocantes.<\/p>\n\n\n\n<p>Para esta nueva edici\u00f3n se suman m\u00e1s bandas y se confirman actividades que formar\u00e1n parte del cronograma de la fiesta:<\/p>\n\n\n\n<p>Agendalos!<\/p>\n\n\n\n<p>*Viernes 23: F\u00f3sforo y la MH \/ Soldadores sin Careta<\/p>\n\n\n\n<p>*S\u00e1bado 24: Delpuerto Freestyle \/ G-tana \/ El Kuelgue<\/p>\n\n\n\n<p>*Domingo 25: El Mot\u00edn de Aranjuez \/ Las Pastillas del Abuelo<\/p>\n\n\n\n<p>Adem\u00e1s, durante los tres d\u00edas&nbsp; podremos disfrutar del Patio Gastron\u00f3mico en la Plaza Parque, el paseo de artesanos y escenarios en la costanera con m\u00fasica&nbsp; y Djs.<\/p>\n\n\n\n<p>Secretar\u00eda de Comunicaci\u00f3n, Ceremonial y Protocolo\u00a0<br>Municipalidad de Monte Hermoso<\/p>\n","protected":false},"excerpt":{"rendered":"<p>#28Primaveras Monte Hermoso se prepara para la vuelta de uno de los eventos m\u00e1s esperados y convocantes. Para esta nueva edici\u00f3n se suman m\u00e1s bandas y se confirman actividades que formar\u00e1n parte del cronograma de la fiesta: Agendalos! *Viernes 23: F\u00f3sforo y la MH \/ Soldadores sin Careta *S\u00e1bado 24: Delpuerto Freestyle \/ G-tana \/ &hellip;<\/p>\n","protected":false},"author":4,"featured_media":0,"comment_status":"open","ping_status":"open","sticky":false,"template":"","format":"standard","meta":{"footnotes":""},"categories":[77,105],"tags":[],"class_list":["post-3678","post","type-post","status-publish","format-standard","","category-generales","category-region"],"_links":{"self":[{"href":"https:\/\/elportaldorrego.com\/index.php?rest_route=\/wp\/v2\/posts\/3678"}],"collection":[{"href":"https:\/\/elportaldorrego.com\/index.php?rest_route=\/wp\/v2\/posts"}],"about":[{"href":"https:\/\/elportaldorrego.com\/index.php?rest_route=\/wp\/v2\/types\/post"}],"author":[{"embeddable":true,"href":"https:\/\/elportaldorrego.com\/index.php?rest_route=\/wp\/v2\/users\/4"}],"replies":[{"embeddable":true,"href":"https:\/\/elportaldorrego.com\/index.php?rest_route=%2Fwp%2Fv2%2Fcomments&post=3678"}],"version-history":[{"count":1,"href":"https:\/\/elportaldorrego.com\/index.php?rest_route=\/wp\/v2\/posts\/3678\/revisions"}],"predecessor-version":[{"id":3680,"href":"https:\/\/elportaldorrego.com\/index.php?rest_route=\/wp\/v2\/posts\/3678\/revisions\/3680"}],"wp:attachment":[{"href":"https:\/\/elportaldorrego.com\/index.php?rest_route=%2Fwp%2Fv2%2Fmedia&parent=3678"}],"wp:term":[{"taxonomy":"category","embeddable":true,"href":"https:\/\/elportaldorrego.com\/index.php?rest_route=%2Fwp%2Fv2%2Fcategories&post=3678"},{"taxonomy":"post_tag","embeddable":true,"href":"https:\/\/elportaldorrego.com\/index.php?rest_route=%2Fwp%2Fv2%2Ftags&post=3678"}],"curies":[{"name":"wp","href":"https:\/\/api.w.org\/{rel}","templated":true}]}}