{"id":3856,"date":"2022-09-08T11:44:02","date_gmt":"2022-09-08T11:44:02","guid":{"rendered":"http:\/\/elportaldorrego.com\/?p=3856"},"modified":"2022-09-08T11:44:03","modified_gmt":"2022-09-08T11:44:03","slug":"m-hermoso-nueva-entrega-de-semillas-para-huertas-familiares","status":"publish","type":"post","link":"https:\/\/elportaldorrego.com\/?p=3856","title":{"rendered":"M.Hermoso : Nueva entrega de semillas para huertas familiares"},"content":{"rendered":"\n<p><strong>#GestionAmbiental<\/strong><\/p>\n\n\n\n<p><\/p>\n\n\n\n<p>La Secretar\u00eda de Gesti\u00f3n Ambiental entregar\u00e1 el pr\u00f3ximo mi\u00e9rcoles 14 y el jueves 15 de 09:30 a 11:30 horas en el Centro de Convenciones, Faro Recalada y Av. Pedro de Mendoza, semillas de primavera para huertas familiares. Se solicita a los interesados llevar 5 sobres peque\u00f1os. <\/p>\n\n\n\n<p>Adem\u00e1s se inscribir\u00e1n a los vecinos que quieran ser voluntarios en la huerta comunitaria que funciona en el CIC (Centro Integral Comunitario)<\/p>\n\n\n\n<p>Secretar\u00eda de Comunicaci\u00f3n, Ceremonial y Protocolo\u00a0<br>Municipalidad de Monte Hermoso<\/p>\n","protected":false},"excerpt":{"rendered":"<p>#GestionAmbiental La Secretar\u00eda de Gesti\u00f3n Ambiental entregar\u00e1 el pr\u00f3ximo mi\u00e9rcoles 14 y el jueves 15 de 09:30 a 11:30 horas en el Centro de Convenciones, Faro Recalada y Av. Pedro de Mendoza, semillas de primavera para huertas familiares. Se solicita a los interesados llevar 5 sobres peque\u00f1os. Adem\u00e1s se inscribir\u00e1n a los vecinos que quieran &hellip;<\/p>\n","protected":false},"author":4,"featured_media":0,"comment_status":"open","ping_status":"open","sticky":false,"template":"","format":"standard","meta":{"footnotes":""},"categories":[77,105],"tags":[],"class_list":["post-3856","post","type-post","status-publish","format-standard","","category-generales","category-region"],"_links":{"self":[{"href":"https:\/\/elportaldorrego.com\/index.php?rest_route=\/wp\/v2\/posts\/3856"}],"collection":[{"href":"https:\/\/elportaldorrego.com\/index.php?rest_route=\/wp\/v2\/posts"}],"about":[{"href":"https:\/\/elportaldorrego.com\/index.php?rest_route=\/wp\/v2\/types\/post"}],"author":[{"embeddable":true,"href":"https:\/\/elportaldorrego.com\/index.php?rest_route=\/wp\/v2\/users\/4"}],"replies":[{"embeddable":true,"href":"https:\/\/elportaldorrego.com\/index.php?rest_route=%2Fwp%2Fv2%2Fcomments&post=3856"}],"version-history":[{"count":1,"href":"https:\/\/elportaldorrego.com\/index.php?rest_route=\/wp\/v2\/posts\/3856\/revisions"}],"predecessor-version":[{"id":3858,"href":"https:\/\/elportaldorrego.com\/index.php?rest_route=\/wp\/v2\/posts\/3856\/revisions\/3858"}],"wp:attachment":[{"href":"https:\/\/elportaldorrego.com\/index.php?rest_route=%2Fwp%2Fv2%2Fmedia&parent=3856"}],"wp:term":[{"taxonomy":"category","embeddable":true,"href":"https:\/\/elportaldorrego.com\/index.php?rest_route=%2Fwp%2Fv2%2Fcategories&post=3856"},{"taxonomy":"post_tag","embeddable":true,"href":"https:\/\/elportaldorrego.com\/index.php?rest_route=%2Fwp%2Fv2%2Ftags&post=3856"}],"curies":[{"name":"wp","href":"https:\/\/api.w.org\/{rel}","templated":true}]}}