{"id":4753,"date":"2022-10-22T12:57:34","date_gmt":"2022-10-22T12:57:34","guid":{"rendered":"http:\/\/elportaldorrego.com\/?p=4753"},"modified":"2022-10-22T12:57:41","modified_gmt":"2022-10-22T12:57:41","slug":"piden-informes-por-la-situacion-hidrica-en-la-provincia","status":"publish","type":"post","link":"https:\/\/elportaldorrego.com\/?p=4753","title":{"rendered":"Piden informes por la situaci\u00f3n h\u00eddrica en la Provincia"},"content":{"rendered":"\n<p>Lo hizo el diputado de Juntos Emiliano Balb\u00edn. \u201cEsta situaci\u00f3n excepcional est\u00e1 afectando el desarrollo econ\u00f3mico, social, ambiental y productivo de la Provincia, por lo que llevar adelante medidas que puedan paliar la situaci\u00f3n de gravedad, permitir\u00e1n sostener el nivel de actividad de todas las producciones y actividades econ\u00f3micas y sociales que se desarrollan en las regiones afectadas y con ello un beneficio para toda la comunidad bonaerense\u201d, dijo.<\/p>\n\n\n\n<p>Para ver el proyecto completo:&nbsp;<a href=\"https:\/\/bit.ly\/3gtjcac\">https:\/\/bit.ly\/3gtjcac<\/a><\/p>\n\n\n\n<p>A trav\u00e9s de un pedido de informes, el legislador radical le pidi\u00f3 al Poder Ejecutivo provincial que informe en forma detallada a la situaci\u00f3n de d\u00e9ficit h\u00eddrico que afecta a un amplio territorio bonaerense.<\/p>\n\n\n\n<p>Entre los principales puntos que pide conocer Balb\u00edn est\u00e1n: saber cu\u00e1l es la superficie total afectada (expresada en hect\u00e1reas); cu\u00e1les son los partidos afectados y cu\u00e1l es el porcentaje (%) de la superficie de cada partido que se encuentra afectada; y qu\u00e9 cantidad de productores, discriminados por partido, tienen superficie afectada.<\/p>\n\n\n\n<p>Por otro lado tambi\u00e9n pidi\u00f3 conocer si se ha realizado un relevamiento y c\u00e1lculo de las p\u00e9rdidas econ\u00f3micas ocasionadas por la sequ\u00eda a fin de dar apoyo a los sectores afectados; cu\u00e1les son las medidas adoptadas por el Poder Ejecutivo provincial para paliar la situaci\u00f3n que afecta las actividades productivas y comerciales de los partidos afectados y a cuantos productores o comerciantes han asistido; indicar el tipo de asistencia efectuada, montos involucrados por sector y partido y las partidas presupuestarias o extrapresupuestarias utilizadas; si ya ha sido declarada la Emergencia o Desastre Agropecuario; y si han dispuesto de l\u00edneas de cr\u00e9ditos para paliar la situaci\u00f3n y cu\u00e1les son las condiciones de acceso y destinatarios, entre otros datos.<\/p>\n\n\n\n<p>El legislador fundament\u00f3 su pedido en el \u201cactual contexto de d\u00e9ficit h\u00eddrico que acontece en una amplia regi\u00f3n del pa\u00eds y que afecta en particular a la zona n\u00facleo de la Provincia, donde la principal regi\u00f3n afectada corresponde a la zona norte, adem\u00e1s de alcanzar a algunos partidos de la zona sudoeste y del sudeste provincial, conforme surge del mapa de balance h\u00eddrico en el suelo elaborado por el INTA\u201d.<\/p>\n\n\n\n<p>\u201cEsta informaci\u00f3n solicitada \u2013continu\u00f3 Balb\u00edn-, es indispensable para que todos podamos comprender cu\u00e1les van a ser la medidas adoptadas o las que se puedan adoptar, el nivel de afectaci\u00f3n tanto de los distritos como de la cantidad de productores, tipos de producciones afectadas y el impacto que tendr\u00e1 en la oferta de materia prima futura en el caso de aquellas producciones que van directamente a la mesa de los consumidores (carme, leche y trigo)\u201d.<\/p>\n\n\n\n<p>\u201cEs importante contar con la respuesta oficial sobre las medidas y los recursos destinados a atenuar las consecuencias de la situaci\u00f3n descripta\u201d, finaliz\u00f3 diciendo el legislador.<\/p>\n\n\n\n<p>Prensa Emiliano Balb\u00edn<\/p>\n","protected":false},"excerpt":{"rendered":"<p>Lo hizo el diputado de Juntos Emiliano Balb\u00edn. \u201cEsta situaci\u00f3n excepcional est\u00e1 afectando el desarrollo econ\u00f3mico, social, ambiental y productivo de la Provincia, por lo que llevar adelante medidas que puedan paliar la situaci\u00f3n de gravedad, permitir\u00e1n sostener el nivel de actividad de todas las producciones y actividades econ\u00f3micas y sociales que se desarrollan en &hellip;<\/p>\n","protected":false},"author":4,"featured_media":0,"comment_status":"open","ping_status":"open","sticky":false,"template":"","format":"standard","meta":{"footnotes":""},"categories":[101],"tags":[],"class_list":["post-4753","post","type-post","status-publish","format-standard","","category-provincia"],"_links":{"self":[{"href":"https:\/\/elportaldorrego.com\/index.php?rest_route=\/wp\/v2\/posts\/4753"}],"collection":[{"href":"https:\/\/elportaldorrego.com\/index.php?rest_route=\/wp\/v2\/posts"}],"about":[{"href":"https:\/\/elportaldorrego.com\/index.php?rest_route=\/wp\/v2\/types\/post"}],"author":[{"embeddable":true,"href":"https:\/\/elportaldorrego.com\/index.php?rest_route=\/wp\/v2\/users\/4"}],"replies":[{"embeddable":true,"href":"https:\/\/elportaldorrego.com\/index.php?rest_route=%2Fwp%2Fv2%2Fcomments&post=4753"}],"version-history":[{"count":1,"href":"https:\/\/elportaldorrego.com\/index.php?rest_route=\/wp\/v2\/posts\/4753\/revisions"}],"predecessor-version":[{"id":4755,"href":"https:\/\/elportaldorrego.com\/index.php?rest_route=\/wp\/v2\/posts\/4753\/revisions\/4755"}],"wp:attachment":[{"href":"https:\/\/elportaldorrego.com\/index.php?rest_route=%2Fwp%2Fv2%2Fmedia&parent=4753"}],"wp:term":[{"taxonomy":"category","embeddable":true,"href":"https:\/\/elportaldorrego.com\/index.php?rest_route=%2Fwp%2Fv2%2Fcategories&post=4753"},{"taxonomy":"post_tag","embeddable":true,"href":"https:\/\/elportaldorrego.com\/index.php?rest_route=%2Fwp%2Fv2%2Ftags&post=4753"}],"curies":[{"name":"wp","href":"https:\/\/api.w.org\/{rel}","templated":true}]}}