{"id":4806,"date":"2022-10-25T15:07:20","date_gmt":"2022-10-25T15:07:20","guid":{"rendered":"http:\/\/elportaldorrego.com\/?p=4806"},"modified":"2022-10-25T15:26:49","modified_gmt":"2022-10-25T15:26:49","slug":"dorreguense-presente-media-maraton-de-la-infanteria-de-marina","status":"publish","type":"post","link":"https:\/\/elportaldorrego.com\/?p=4806","title":{"rendered":"Dorreguense presente en la Media Marat\u00f3n de la Infanter\u00eda de Marina"},"content":{"rendered":"\n<p>El Dorreguense Ra\u00fal Cabrera , particip\u00f3 de la  Media Marat\u00f3n de la Infanter\u00eda de Marina,realizada este domingo 23 de octubre  en la Base Naval Puerto Belgrano<\/p>\n\n\n\n<figure class=\"wp-block-image size-full\"><img decoding=\"async\" src=\"http:\/\/elportaldorrego.com\/wp-content\/uploads\/2022\/10\/IMG-20221025-WA0010-1.jpg\" alt=\"\" class=\"wp-image-4809\" \/><\/figure>\n\n\n\n<figure class=\"wp-block-image size-full\"><img decoding=\"async\" src=\"http:\/\/elportaldorrego.com\/wp-content\/uploads\/2022\/10\/IMG-20221025-WA0011-1.jpg\" alt=\"\" class=\"wp-image-4810\" \/><\/figure>\n","protected":false},"excerpt":{"rendered":"<p>El Dorreguense Ra\u00fal Cabrera , particip\u00f3 de la Media Marat\u00f3n de la Infanter\u00eda de Marina,realizada este domingo 23 de octubre en la Base Naval Puerto Belgrano<\/p>\n","protected":false},"author":4,"featured_media":0,"comment_status":"open","ping_status":"open","sticky":false,"template":"","format":"standard","meta":{"footnotes":""},"categories":[73],"tags":[],"class_list":["post-4806","post","type-post","status-publish","format-standard","","category-deportes"],"_links":{"self":[{"href":"https:\/\/elportaldorrego.com\/index.php?rest_route=\/wp\/v2\/posts\/4806"}],"collection":[{"href":"https:\/\/elportaldorrego.com\/index.php?rest_route=\/wp\/v2\/posts"}],"about":[{"href":"https:\/\/elportaldorrego.com\/index.php?rest_route=\/wp\/v2\/types\/post"}],"author":[{"embeddable":true,"href":"https:\/\/elportaldorrego.com\/index.php?rest_route=\/wp\/v2\/users\/4"}],"replies":[{"embeddable":true,"href":"https:\/\/elportaldorrego.com\/index.php?rest_route=%2Fwp%2Fv2%2Fcomments&post=4806"}],"version-history":[{"count":2,"href":"https:\/\/elportaldorrego.com\/index.php?rest_route=\/wp\/v2\/posts\/4806\/revisions"}],"predecessor-version":[{"id":4812,"href":"https:\/\/elportaldorrego.com\/index.php?rest_route=\/wp\/v2\/posts\/4806\/revisions\/4812"}],"wp:attachment":[{"href":"https:\/\/elportaldorrego.com\/index.php?rest_route=%2Fwp%2Fv2%2Fmedia&parent=4806"}],"wp:term":[{"taxonomy":"category","embeddable":true,"href":"https:\/\/elportaldorrego.com\/index.php?rest_route=%2Fwp%2Fv2%2Fcategories&post=4806"},{"taxonomy":"post_tag","embeddable":true,"href":"https:\/\/elportaldorrego.com\/index.php?rest_route=%2Fwp%2Fv2%2Ftags&post=4806"}],"curies":[{"name":"wp","href":"https:\/\/api.w.org\/{rel}","templated":true}]}}