{"id":6424,"date":"2023-02-06T14:55:41","date_gmt":"2023-02-06T14:55:41","guid":{"rendered":"http:\/\/elportaldorrego.com\/?p=6424"},"modified":"2023-02-06T14:57:44","modified_gmt":"2023-02-06T14:57:44","slug":"ciclismo-el-dorreguense-matias-cabral-corrio-en-azul-2","status":"publish","type":"post","link":"https:\/\/elportaldorrego.com\/?p=6424","title":{"rendered":"Ciclismo : el dorreguense Mat\u00edas Cabral corri\u00f3 en Azul"},"content":{"rendered":"\n<p>Este viernes pr\u00f3ximo pasado se realiz\u00f3 una nueva competencia nocturna con gran concurrencia de ciclistas en la ciudad de Azul , en la cual el joven dorreguense Mat\u00edas Cabral dijo presente.<br>Mat\u00edas (16 a\u00f1os) compiti\u00f3 con las categor\u00edas masterA , junior , elite 1, elite 2 y entre 36 participantes logr\u00f3 el 6\u00b0puesto de la categor\u00eda y 12\u00b0en la general , representando al team lola rodriguez rey<\/p>\n\n\n\n<p>Info y foto : gentileza familia Cabral <\/p>\n\n\n\n<figure class=\"wp-block-image size-full\"><img decoding=\"async\" src=\"http:\/\/elportaldorrego.com\/wp-content\/uploads\/2023\/02\/IMG-20230206-WA0004-1.jpg\" alt=\"\" class=\"wp-image-6425\" \/><\/figure>\n","protected":false},"excerpt":{"rendered":"<p>Este viernes pr\u00f3ximo pasado se realiz\u00f3 una nueva competencia nocturna con gran concurrencia de ciclistas en la ciudad de Azul , en la cual el joven dorreguense Mat\u00edas Cabral dijo presente.Mat\u00edas (16 a\u00f1os) compiti\u00f3 con las categor\u00edas masterA , junior , elite 1, elite 2 y entre 36 participantes logr\u00f3 el 6\u00b0puesto de la categor\u00eda &hellip;<\/p>\n","protected":false},"author":4,"featured_media":0,"comment_status":"open","ping_status":"open","sticky":false,"template":"","format":"standard","meta":{"footnotes":""},"categories":[73],"tags":[],"class_list":["post-6424","post","type-post","status-publish","format-standard","","category-deportes"],"_links":{"self":[{"href":"https:\/\/elportaldorrego.com\/index.php?rest_route=\/wp\/v2\/posts\/6424"}],"collection":[{"href":"https:\/\/elportaldorrego.com\/index.php?rest_route=\/wp\/v2\/posts"}],"about":[{"href":"https:\/\/elportaldorrego.com\/index.php?rest_route=\/wp\/v2\/types\/post"}],"author":[{"embeddable":true,"href":"https:\/\/elportaldorrego.com\/index.php?rest_route=\/wp\/v2\/users\/4"}],"replies":[{"embeddable":true,"href":"https:\/\/elportaldorrego.com\/index.php?rest_route=%2Fwp%2Fv2%2Fcomments&post=6424"}],"version-history":[{"count":1,"href":"https:\/\/elportaldorrego.com\/index.php?rest_route=\/wp\/v2\/posts\/6424\/revisions"}],"predecessor-version":[{"id":6426,"href":"https:\/\/elportaldorrego.com\/index.php?rest_route=\/wp\/v2\/posts\/6424\/revisions\/6426"}],"wp:attachment":[{"href":"https:\/\/elportaldorrego.com\/index.php?rest_route=%2Fwp%2Fv2%2Fmedia&parent=6424"}],"wp:term":[{"taxonomy":"category","embeddable":true,"href":"https:\/\/elportaldorrego.com\/index.php?rest_route=%2Fwp%2Fv2%2Fcategories&post=6424"},{"taxonomy":"post_tag","embeddable":true,"href":"https:\/\/elportaldorrego.com\/index.php?rest_route=%2Fwp%2Fv2%2Ftags&post=6424"}],"curies":[{"name":"wp","href":"https:\/\/api.w.org\/{rel}","templated":true}]}}