{"id":6771,"date":"2023-03-10T00:27:02","date_gmt":"2023-03-10T00:27:02","guid":{"rendered":"http:\/\/elportaldorrego.com\/?p=6771"},"modified":"2023-03-10T00:27:03","modified_gmt":"2023-03-10T00:27:03","slug":"la-fiesta-del-olivo-sigue-sumando-artistas","status":"publish","type":"post","link":"https:\/\/elportaldorrego.com\/?p=6771","title":{"rendered":"La Fiesta del Olivo sigue sumando artistas"},"content":{"rendered":"\n<p><\/p>\n\n\n\n<p>\u00a0\u00a0\u00a0\u00a0\u00a0\u00a0\u00a0\u00a0\u00a0\u00a0\u00a0 Dentro de los espect\u00e1culos que ofrecer\u00e1 la Fiesta Provincial del Olivo en el Vivero Parque, se anunci\u00f3 para el \u00a0domingo 26 la actuaci\u00f3n del renombrado humorista, m\u00fasico y cantautor Hugo Varela.<\/p>\n\n\n\n<p>Info e imagen  : Prensa municipalidad de C.Dorrego <\/p>\n\n\n\n<figure class=\"wp-block-image size-full\"><img decoding=\"async\" src=\"http:\/\/elportaldorrego.com\/wp-content\/uploads\/2023\/03\/image002-4.jpg\" alt=\"\" class=\"wp-image-6772\" \/><\/figure>\n","protected":false},"excerpt":{"rendered":"<p>\u00a0\u00a0\u00a0\u00a0\u00a0\u00a0\u00a0\u00a0\u00a0\u00a0\u00a0 Dentro de los espect\u00e1culos que ofrecer\u00e1 la Fiesta Provincial del Olivo en el Vivero Parque, se anunci\u00f3 para el \u00a0domingo 26 la actuaci\u00f3n del renombrado humorista, m\u00fasico y cantautor Hugo Varela. Info e imagen : Prensa municipalidad de C.Dorrego<\/p>\n","protected":false},"author":4,"featured_media":0,"comment_status":"open","ping_status":"open","sticky":false,"template":"","format":"standard","meta":{"footnotes":""},"categories":[69],"tags":[],"class_list":["post-6771","post","type-post","status-publish","format-standard","","category-locales"],"_links":{"self":[{"href":"https:\/\/elportaldorrego.com\/index.php?rest_route=\/wp\/v2\/posts\/6771"}],"collection":[{"href":"https:\/\/elportaldorrego.com\/index.php?rest_route=\/wp\/v2\/posts"}],"about":[{"href":"https:\/\/elportaldorrego.com\/index.php?rest_route=\/wp\/v2\/types\/post"}],"author":[{"embeddable":true,"href":"https:\/\/elportaldorrego.com\/index.php?rest_route=\/wp\/v2\/users\/4"}],"replies":[{"embeddable":true,"href":"https:\/\/elportaldorrego.com\/index.php?rest_route=%2Fwp%2Fv2%2Fcomments&post=6771"}],"version-history":[{"count":1,"href":"https:\/\/elportaldorrego.com\/index.php?rest_route=\/wp\/v2\/posts\/6771\/revisions"}],"predecessor-version":[{"id":6773,"href":"https:\/\/elportaldorrego.com\/index.php?rest_route=\/wp\/v2\/posts\/6771\/revisions\/6773"}],"wp:attachment":[{"href":"https:\/\/elportaldorrego.com\/index.php?rest_route=%2Fwp%2Fv2%2Fmedia&parent=6771"}],"wp:term":[{"taxonomy":"category","embeddable":true,"href":"https:\/\/elportaldorrego.com\/index.php?rest_route=%2Fwp%2Fv2%2Fcategories&post=6771"},{"taxonomy":"post_tag","embeddable":true,"href":"https:\/\/elportaldorrego.com\/index.php?rest_route=%2Fwp%2Fv2%2Ftags&post=6771"}],"curies":[{"name":"wp","href":"https:\/\/api.w.org\/{rel}","templated":true}]}}