{"id":6774,"date":"2023-03-10T13:54:46","date_gmt":"2023-03-10T13:54:46","guid":{"rendered":"http:\/\/elportaldorrego.com\/?p=6774"},"modified":"2023-03-10T13:54:48","modified_gmt":"2023-03-10T13:54:48","slug":"esta-noche-musica-en-la-plaza","status":"publish","type":"post","link":"https:\/\/elportaldorrego.com\/?p=6774","title":{"rendered":"Esta noche m\u00fasica en la plaza"},"content":{"rendered":"\n<p>La comuna anunci\u00f3 para hoy viernes a las 20, dentro del ciclo m\u00fasica en la plaza, la presentaci\u00f3n de \u00abAB Negativo Alquino &amp; Bakura. Como est\u00e1 aconteciendo durante esta temporada estiva, mucho p\u00fablico se acerca al paseo p\u00fablico principal de la ciudad para disfrutar, c\u00f3modamente instalados con reposeras, de veladas muy atractivas.<\/p>\n\n\n\n<p>Info e imagen : Prensa municipalidad de C.Dorrego <\/p>\n\n\n\n<figure class=\"wp-block-image size-large\"><img decoding=\"async\" src=\"http:\/\/elportaldorrego.com\/wp-content\/uploads\/2023\/03\/AB-negativo-819x1024.jpg\" alt=\"\" class=\"wp-image-6775\" \/><\/figure>\n\n\n\n<p><br>\u00a0\u00a0\u00a0\u00a0\u00a0\u00a0\u00a0\u00a0\u00a0\u00a0\u00a0\u00a0<\/p>\n","protected":false},"excerpt":{"rendered":"<p>La comuna anunci\u00f3 para hoy viernes a las 20, dentro del ciclo m\u00fasica en la plaza, la presentaci\u00f3n de \u00abAB Negativo Alquino &amp; Bakura. Como est\u00e1 aconteciendo durante esta temporada estiva, mucho p\u00fablico se acerca al paseo p\u00fablico principal de la ciudad para disfrutar, c\u00f3modamente instalados con reposeras, de veladas muy atractivas. Info e imagen &hellip;<\/p>\n","protected":false},"author":4,"featured_media":0,"comment_status":"open","ping_status":"open","sticky":false,"template":"","format":"standard","meta":{"footnotes":""},"categories":[69],"tags":[],"class_list":["post-6774","post","type-post","status-publish","format-standard","","category-locales"],"_links":{"self":[{"href":"https:\/\/elportaldorrego.com\/index.php?rest_route=\/wp\/v2\/posts\/6774"}],"collection":[{"href":"https:\/\/elportaldorrego.com\/index.php?rest_route=\/wp\/v2\/posts"}],"about":[{"href":"https:\/\/elportaldorrego.com\/index.php?rest_route=\/wp\/v2\/types\/post"}],"author":[{"embeddable":true,"href":"https:\/\/elportaldorrego.com\/index.php?rest_route=\/wp\/v2\/users\/4"}],"replies":[{"embeddable":true,"href":"https:\/\/elportaldorrego.com\/index.php?rest_route=%2Fwp%2Fv2%2Fcomments&post=6774"}],"version-history":[{"count":1,"href":"https:\/\/elportaldorrego.com\/index.php?rest_route=\/wp\/v2\/posts\/6774\/revisions"}],"predecessor-version":[{"id":6776,"href":"https:\/\/elportaldorrego.com\/index.php?rest_route=\/wp\/v2\/posts\/6774\/revisions\/6776"}],"wp:attachment":[{"href":"https:\/\/elportaldorrego.com\/index.php?rest_route=%2Fwp%2Fv2%2Fmedia&parent=6774"}],"wp:term":[{"taxonomy":"category","embeddable":true,"href":"https:\/\/elportaldorrego.com\/index.php?rest_route=%2Fwp%2Fv2%2Fcategories&post=6774"},{"taxonomy":"post_tag","embeddable":true,"href":"https:\/\/elportaldorrego.com\/index.php?rest_route=%2Fwp%2Fv2%2Ftags&post=6774"}],"curies":[{"name":"wp","href":"https:\/\/api.w.org\/{rel}","templated":true}]}}