{"id":6777,"date":"2023-03-10T13:58:11","date_gmt":"2023-03-10T13:58:11","guid":{"rendered":"http:\/\/elportaldorrego.com\/?p=6777"},"modified":"2023-03-10T13:58:13","modified_gmt":"2023-03-10T13:58:13","slug":"8-de-marzo-en-rayitos","status":"publish","type":"post","link":"https:\/\/elportaldorrego.com\/?p=6777","title":{"rendered":"8 de marzo en Rayitos"},"content":{"rendered":"\n<p><\/p>\n\n\n\n<p>&nbsp;&nbsp;&nbsp;&nbsp;&nbsp;&nbsp;&nbsp;&nbsp;&nbsp;&nbsp;&nbsp; Se llevo a cab\u00f3 &nbsp;en la Casa Materno Infantil Rayitos el pasado 8 de marzo un encuentro para mujeres, para conocer la historia, pensar el presente y proyectar el futuro.<\/p>\n\n\n\n<p>\u00a0\u00a0\u00a0\u00a0\u00a0\u00a0\u00a0\u00a0\u00a0\u00a0\u00a0 De las actividades llevadas adelante participaron vecinas de Coronel Dorrego con testimonios de vida, tambi\u00e9n tomaron parte profesionales con la socializaci\u00f3n de herramientas para el autocuidado. Adem\u00e1s, representantes del grupo de\u00a0 emprendedoras y del arte y la poes\u00eda de nuestra ciudad.<\/p>\n\n\n\n<p>Info e imagen  : Prensa municipalidad de C.Dorrego <\/p>\n\n\n\n<figure class=\"wp-block-image size-large\"><img decoding=\"async\" src=\"http:\/\/elportaldorrego.com\/wp-content\/uploads\/2023\/03\/a-1-819x1024.jpg\" alt=\"\" class=\"wp-image-6778\" \/><\/figure>\n","protected":false},"excerpt":{"rendered":"<p>&nbsp;&nbsp;&nbsp;&nbsp;&nbsp;&nbsp;&nbsp;&nbsp;&nbsp;&nbsp;&nbsp; Se llevo a cab\u00f3 &nbsp;en la Casa Materno Infantil Rayitos el pasado 8 de marzo un encuentro para mujeres, para conocer la historia, pensar el presente y proyectar el futuro. \u00a0\u00a0\u00a0\u00a0\u00a0\u00a0\u00a0\u00a0\u00a0\u00a0\u00a0 De las actividades llevadas adelante participaron vecinas de Coronel Dorrego con testimonios de vida, tambi\u00e9n tomaron parte profesionales con la socializaci\u00f3n de herramientas &hellip;<\/p>\n","protected":false},"author":4,"featured_media":0,"comment_status":"open","ping_status":"open","sticky":false,"template":"","format":"standard","meta":{"footnotes":""},"categories":[69],"tags":[],"class_list":["post-6777","post","type-post","status-publish","format-standard","","category-locales"],"_links":{"self":[{"href":"https:\/\/elportaldorrego.com\/index.php?rest_route=\/wp\/v2\/posts\/6777"}],"collection":[{"href":"https:\/\/elportaldorrego.com\/index.php?rest_route=\/wp\/v2\/posts"}],"about":[{"href":"https:\/\/elportaldorrego.com\/index.php?rest_route=\/wp\/v2\/types\/post"}],"author":[{"embeddable":true,"href":"https:\/\/elportaldorrego.com\/index.php?rest_route=\/wp\/v2\/users\/4"}],"replies":[{"embeddable":true,"href":"https:\/\/elportaldorrego.com\/index.php?rest_route=%2Fwp%2Fv2%2Fcomments&post=6777"}],"version-history":[{"count":1,"href":"https:\/\/elportaldorrego.com\/index.php?rest_route=\/wp\/v2\/posts\/6777\/revisions"}],"predecessor-version":[{"id":6779,"href":"https:\/\/elportaldorrego.com\/index.php?rest_route=\/wp\/v2\/posts\/6777\/revisions\/6779"}],"wp:attachment":[{"href":"https:\/\/elportaldorrego.com\/index.php?rest_route=%2Fwp%2Fv2%2Fmedia&parent=6777"}],"wp:term":[{"taxonomy":"category","embeddable":true,"href":"https:\/\/elportaldorrego.com\/index.php?rest_route=%2Fwp%2Fv2%2Fcategories&post=6777"},{"taxonomy":"post_tag","embeddable":true,"href":"https:\/\/elportaldorrego.com\/index.php?rest_route=%2Fwp%2Fv2%2Ftags&post=6777"}],"curies":[{"name":"wp","href":"https:\/\/api.w.org\/{rel}","templated":true}]}}