{"id":6782,"date":"2023-03-11T14:10:46","date_gmt":"2023-03-11T14:10:46","guid":{"rendered":"http:\/\/elportaldorrego.com\/?p=6782"},"modified":"2023-03-11T14:10:48","modified_gmt":"2023-03-11T14:10:48","slug":"la-fiesta-del-olivo-se-promocionara-en-tres-arroyos-este-fin-de-semana","status":"publish","type":"post","link":"https:\/\/elportaldorrego.com\/?p=6782","title":{"rendered":"La Fiesta del Olivo se promocionar\u00e1 en Tres Arroyos este fin de semana"},"content":{"rendered":"\n<p><\/p>\n\n\n\n<p>\u00a0\u00a0\u00a0\u00a0\u00a0\u00a0\u00a0\u00a0\u00a0\u00a0\u00a0 Este  s\u00e1bado a las 19 en el marco de la Fiesta Provincial del Trigo que se realiza en Tres Arroyos, en el denominado Punto de Encuentro en Avenida Ituzaing\u00f3 y Castelli se har\u00e1 la presentaci\u00f3n de la Fiesta Provincial del Olivo de Coronel Dorrego.<\/p>\n\n\n\n<p>\u00a0\u00a0\u00a0\u00a0\u00a0\u00a0\u00a0\u00a0\u00a0\u00a0\u00a0 Los representantes de la comuna dorreguense estar\u00e1n en ese Stand promocionando el evento que tendr\u00e1 lugar en nuestra ciudad del 24 al 26 de este mes, ofreciendo folleter\u00eda tur\u00edstica y de la Fiesta del Olivo y adem\u00e1s degustaciones y sorteos de aceite de oliva de nuestro distrito.<\/p>\n\n\n\n<p>Info e im\u00e1genes: Prensa municipalidad de C.Dorrego <\/p>\n\n\n\n<figure class=\"wp-block-image size-large\"><img decoding=\"async\" src=\"http:\/\/elportaldorrego.com\/wp-content\/uploads\/2023\/03\/F.-Trigo-1-819x1024.jpg\" alt=\"\" class=\"wp-image-6783\" \/><\/figure>\n\n\n\n<figure class=\"wp-block-image size-large is-resized\"><img loading=\"lazy\" decoding=\"async\" src=\"http:\/\/elportaldorrego.com\/wp-content\/uploads\/2023\/03\/F-Trigo-2-834x1024.jpg\" alt=\"\" class=\"wp-image-6784\" width=\"353\" height=\"432\" \/><\/figure>\n","protected":false},"excerpt":{"rendered":"<p>\u00a0\u00a0\u00a0\u00a0\u00a0\u00a0\u00a0\u00a0\u00a0\u00a0\u00a0 Este s\u00e1bado a las 19 en el marco de la Fiesta Provincial del Trigo que se realiza en Tres Arroyos, en el denominado Punto de Encuentro en Avenida Ituzaing\u00f3 y Castelli se har\u00e1 la presentaci\u00f3n de la Fiesta Provincial del Olivo de Coronel Dorrego. \u00a0\u00a0\u00a0\u00a0\u00a0\u00a0\u00a0\u00a0\u00a0\u00a0\u00a0 Los representantes de la comuna dorreguense estar\u00e1n en ese &hellip;<\/p>\n","protected":false},"author":4,"featured_media":0,"comment_status":"open","ping_status":"open","sticky":false,"template":"","format":"standard","meta":{"footnotes":""},"categories":[69,105],"tags":[],"class_list":["post-6782","post","type-post","status-publish","format-standard","","category-locales","category-region"],"_links":{"self":[{"href":"https:\/\/elportaldorrego.com\/index.php?rest_route=\/wp\/v2\/posts\/6782"}],"collection":[{"href":"https:\/\/elportaldorrego.com\/index.php?rest_route=\/wp\/v2\/posts"}],"about":[{"href":"https:\/\/elportaldorrego.com\/index.php?rest_route=\/wp\/v2\/types\/post"}],"author":[{"embeddable":true,"href":"https:\/\/elportaldorrego.com\/index.php?rest_route=\/wp\/v2\/users\/4"}],"replies":[{"embeddable":true,"href":"https:\/\/elportaldorrego.com\/index.php?rest_route=%2Fwp%2Fv2%2Fcomments&post=6782"}],"version-history":[{"count":1,"href":"https:\/\/elportaldorrego.com\/index.php?rest_route=\/wp\/v2\/posts\/6782\/revisions"}],"predecessor-version":[{"id":6785,"href":"https:\/\/elportaldorrego.com\/index.php?rest_route=\/wp\/v2\/posts\/6782\/revisions\/6785"}],"wp:attachment":[{"href":"https:\/\/elportaldorrego.com\/index.php?rest_route=%2Fwp%2Fv2%2Fmedia&parent=6782"}],"wp:term":[{"taxonomy":"category","embeddable":true,"href":"https:\/\/elportaldorrego.com\/index.php?rest_route=%2Fwp%2Fv2%2Fcategories&post=6782"},{"taxonomy":"post_tag","embeddable":true,"href":"https:\/\/elportaldorrego.com\/index.php?rest_route=%2Fwp%2Fv2%2Ftags&post=6782"}],"curies":[{"name":"wp","href":"https:\/\/api.w.org\/{rel}","templated":true}]}}