{"id":7414,"date":"2023-04-17T00:30:02","date_gmt":"2023-04-17T00:30:02","guid":{"rendered":"http:\/\/elportaldorrego.com\/?p=7414"},"modified":"2023-04-17T00:30:04","modified_gmt":"2023-04-17T00:30:04","slug":"futbol-menor-e-infantil-se-jugo-la-segunda-fecha","status":"publish","type":"post","link":"https:\/\/elportaldorrego.com\/?p=7414","title":{"rendered":"F\u00fatbol menor e infantil : se jug\u00f3 la segunda fecha"},"content":{"rendered":"\n<p>Se jug\u00f3 la segunda  fecha del torneo oficial F\u00fatbol menor e infantil centenario del club Independiente<\/p>\n\n\n\n<p><strong>Resultados : F\u00fatbol menor<\/strong><\/p>\n\n\n\n<figure class=\"wp-block-table\"><table><tbody><tr><td><strong>SUB 13<\/strong><\/td><\/tr><tr><td><strong>Porte\u00f1o : ( 1 )<\/strong> : Rafael Gonzalez<br><strong>V.Rosa : ( 1 ) :<\/strong> Joaquin Contreras <\/td><\/tr><tr><td><strong>Suteryh : ( 0 )<\/strong>&nbsp;<br><strong>Independiente : ( 0 )<\/strong><\/td><\/tr><tr><td><strong>Uni\u00f3n Santamarina : ( 3 )&nbsp;<\/strong>: Benjamin Merlo &#8211; Mart\u00edn Fauquen &#8211; Axel Maldonado <br><strong>San Mart\u00edn : ( 1 )&nbsp;<\/strong>: Leonardo Jensen<\/td><\/tr><tr><td><strong>Progreso : ( 2 )<\/strong> : Paulina Acevedo &#8212; Axel Sepulveda <br><strong>A.M.Hermoso : ( 1 )&nbsp;<\/strong>: Ian Acosta<\/td><\/tr><tr><td><strong>Libre :&nbsp;<\/strong>Ferroviario <\/td><\/tr><\/tbody><\/table><\/figure>\n\n\n\n<figure class=\"wp-block-table\"><table><tbody><tr><td><strong>SUB 1<\/strong>5<\/td><\/tr><tr><td><strong>Suteryh : ( 1 )<\/strong>&nbsp;: Mateo Padilla <br><strong>Independiente : ( 1 )<\/strong> : Ramiro Simon ( P )<br><strong>Expulsado<\/strong> : Lucas De Paula ( S ) <\/td><\/tr><tr><td><strong>Uni\u00f3n Santamarina : ( 1 )&nbsp;<\/strong>: Thomas Orellano<br><strong>San Mart\u00edn : ( 5 )&nbsp;:<\/strong> Galo Merlo ( 2 ) &#8212; Valentin Yezzi &#8212; Felipe Ruppel &#8212; Cipriano Mazzarini <\/td><\/tr><tr><td><strong>Libres :&nbsp;<\/strong>Ferroviario , V.Rosa y A.M.Hermoso<\/td><\/tr><\/tbody><\/table><\/figure>\n\n\n\n<figure class=\"wp-block-table\"><table><tbody><tr><td><strong>SUB 1<\/strong>7<\/td><\/tr><tr><td><strong>Porte\u00f1o : ( <\/strong>5 ) : Atlio Amud ( 2 ) &#8212; Fabricio Ibarra. ( 2 ) &#8212;  Valentin Morales<br><strong>V.Rosa : ( 5 ) :&nbsp;<\/strong>Mirko Merlo. ( 2 ) &#8212; Agustin Segui &#8212; Tomas Ibarra &#8212; Juan Quiroga<br><strong>Expulsados : <\/strong> Juan Cleppe ( Port. ) &#8212; Facundo Mainero ( Port. ) &#8212; Mateo Alesandrini ( Port. ) &#8212; Mirko Merlo ( V.R. )<\/td><\/tr><tr><td><strong>Suteryh : ( 4 )<\/strong>&nbsp;: Ciro Folasco ( 2 ) &#8212; Ivan Varrenti &#8212; Luciano Roht<br><strong>Independiente : ( 0 )<\/strong><\/td><\/tr><tr><td><strong>Uni\u00f3n Santamarina : ( 0 )&nbsp;<\/strong><br><strong>San Mart\u00edn : ( 2 )&nbsp;<\/strong>: Alfredo Perez &#8212; Joaquin Alvarez<\/td><\/tr><tr><td><strong>Progreso : ( 2 )<\/strong>&nbsp;: Uriel Farias. ( 2 )<br><strong>A.M.Hermoso : ( 4 )&nbsp;<\/strong>: Ayrton Matelica ( 2 ) &#8212; Thiago Telgarecz &#8212; Luca Ferrucci<\/td><\/tr><tr><td><strong>Libre :&nbsp;<\/strong>Ferroviario<\/td><\/tr><\/tbody><\/table><\/figure>\n\n\n\n<p><strong>Resultados f\u00fatbol infantil <\/strong><\/p>\n\n\n\n<figure class=\"wp-block-table\"><table><tbody><tr><td><strong>SUB <\/strong>8<\/td><\/tr><tr><td><strong>Porte\u00f1o : ( 5 )<\/strong>&nbsp;: Augusto Menna ( 2 ) &#8212; Ciro Ibarra ( 2 ) &#8212; Luano Cardoso<br><strong>V.Rosa : ( 0 ) <\/strong><\/td><\/tr><tr><td><strong>Suteryh : ( 3 )<\/strong>&nbsp;: Patricio Gutierrez ( 2 ) &#8212; Mateo Pellegrini<br>Independiente : ( 2<strong> )<\/strong> : Valentino Stengruber &#8212; Manuel Buffarini<\/td><\/tr><tr><td><strong>Uni\u00f3n Santamarina : ( 0 )&nbsp;<\/strong><br><strong>San Mart\u00edn : ( 9 )&nbsp;<\/strong>: Lautaro Lindner ( 4 ) &#8212; Martino Perez ( 2 ) &#8212; Ignacio Acu\u00f1a ( 2 ) &#8212; Ivo Manggeri<\/td><\/tr><tr><td><strong>Progreso : ( 1 )<\/strong>&nbsp;: Thian Arana<br><strong>A.M.Hermoso : ( 4 )&nbsp;<\/strong>: Mateo Holman ( 2 ) &#8212; Jeremias Ranieri &#8212; Alfonso Bustamante<\/td><\/tr><tr><td><strong>Libre :&nbsp;<\/strong>Ferroviario<\/td><\/tr><\/tbody><\/table><\/figure>\n\n\n\n<figure class=\"wp-block-table\"><table><tbody><tr><td><strong>SUB 9<\/strong><\/td><\/tr><tr><td><strong>Porte\u00f1o : ( 3 )<\/strong>&nbsp;:Thiago Izquierdo &#8212; Valentin Kriger &#8212; Juan Menna<br><strong>V.Rosa : ( 2 ) :<\/strong>&nbsp;Jonathan Banegas &#8212; Benicio Palacio<\/td><\/tr><tr><td><strong>Suteryh : ( 5 )<\/strong>&nbsp;: Thiago Ojeda ( 2 ) &#8212; Mateo Carrasco &#8212; Alesio Figueredo &#8212; Valentino Rodriguez <br><strong>Independiente : ( 1 )<\/strong> : Facundo Cui\u00f1as <\/td><\/tr><tr><td><strong>Uni\u00f3n Santamarina : ( 3 )&nbsp;<\/strong>: Francisco Gonzalez Bali\u00f1o ( 2 ) &#8212; Fausto Gonzalez<br><strong>San Mart\u00edn : ( 1 )&nbsp;:<\/strong> Roman Nomdedeu <\/td><\/tr><tr><td><strong>Progreso : ( 1<\/strong> ) : Thian Arana<br>A.M.Hermoso : ( <strong>8 )&nbsp;<\/strong>: Pau Luison ( 2 ) &#8212; Santiago Hurst ( 2 ) &#8212; Santino Pintos &#8212; Tadeo Vera &#8212; Emir Perez &#8212; Simon Casquer\u00eda <\/td><\/tr><tr><td><strong>Libre :&nbsp;<\/strong>Ferroviario<\/td><\/tr><\/tbody><\/table><\/figure>\n\n\n\n<figure class=\"wp-block-table\"><table><tbody><tr><td><strong>SUB&nbsp;10<\/strong><\/td><\/tr><tr><td><strong>Porte\u00f1o : ( 0 )<\/strong>\u00a0<br><strong>V.Rosa : ( 3 )<\/strong> : Santino Michelena ( 2 ) &#8212; Natasha Pereyra<\/td><\/tr><tr><td><strong>Suteryh : ( 0 )<\/strong>\u00a0<br><strong>Independiente : ( 2\u00a0)\u00a0<\/strong>: Tiziano Moyano &#8212; Lautaro Zarzoso<\/td><\/tr><tr><td><strong>Uni\u00f3n Santamarina : ( 2 )\u00a0<\/strong>: Ciro Crededio &#8212; Francisco Gonzalez Bali\u00f1o<br><strong>San Mart\u00edn : ( 2 )\u00a0<\/strong>: Roman Nomdedeu &#8212; Julian Cauquoz<\/td><\/tr><tr><td><strong>Libres :\u00a0<\/strong>Ferroviario y A.M.Hermoso<\/td><\/tr><\/tbody><\/table><\/figure>\n\n\n\n<figure class=\"wp-block-table is-style-regular\"><table><tbody><tr><td><strong>SUB\u00a0<\/strong>11<\/td><\/tr><tr><td><strong>Porte\u00f1o : ( 0 )<\/strong>\u00a0<br><strong>V.Rosa : ( 2 )<\/strong> : Rafael Saenz &#8212; Joaquin Bernaule<\/td><\/tr><tr><td><strong>Suteryh : ( 1 )<\/strong>\u00a0: Giovanni Crisci<br><strong>Independiente : ( 4\u00a0)<\/strong>\u00a0: Fermin Amestoy ( 2 ) &#8212; Teo Merlo &#8212; Federico Fidelibus<\/td><\/tr><tr><td><strong>Uni\u00f3n Santamarina : ( 8 )\u00a0<\/strong>: Ciro Crededio ( 3 ) &#8212; Gael Pe\u00f1a ( 2 ) &#8212; Eliseo Montel &#8212; Octavio Escobar &#8212; Faustino Pozos<br><strong>San Mart\u00edn : ( 0 )\u00a0<\/strong><\/td><\/tr><tr><td><strong>Progreso : ( 1 )<\/strong>\u00a0: Thian Arana<br><strong>A.M.Hermoso : ( 8 )\u00a0<\/strong>: Salvador Gentili ( 2 ) &#8212; Lucas Hurst ( 2 ) &#8212; Mateo Fernandez &#8212; Benjamin Trotti &#8212; Juan Cruz Crededio &#8212; uno en contra<\/td><\/tr><tr><td><strong>Libre :&nbsp;<\/strong>Ferroviario<\/td><\/tr><\/tbody><\/table><\/figure>\n\n\n\n<p>Pr\u00f3xima Fecha<\/p>\n\n\n\n<p>3\u00aa fecha , se juega dentro de 2 s\u00e1bados <\/p>\n\n\n\n<p>Villa Rosa vs Progreso<\/p>\n\n\n\n<p>A.M.Hermoso vs U. Santamarina<\/p>\n\n\n\n<p>San Mart\u00edn vs Suteryh<\/p>\n\n\n\n<p>Independiente vs Ferroviario<\/p>\n\n\n\n<p>Libre : Porte\u00f1o<\/p>\n","protected":false},"excerpt":{"rendered":"<p>Se jug\u00f3 la segunda fecha del torneo oficial F\u00fatbol menor e infantil centenario del club Independiente Resultados : F\u00fatbol menor SUB 13Porte\u00f1o : ( 1 ) : Rafael GonzalezV.Rosa : ( 1 ) : Joaquin Contreras Suteryh : ( 0 )&nbsp;Independiente : ( 0 )Uni\u00f3n Santamarina : ( 3 )&nbsp;: Benjamin Merlo &#8211; Mart\u00edn Fauquen &hellip;<\/p>\n","protected":false},"author":4,"featured_media":0,"comment_status":"open","ping_status":"open","sticky":false,"template":"","format":"standard","meta":{"footnotes":""},"categories":[73],"tags":[],"class_list":["post-7414","post","type-post","status-publish","format-standard","","category-deportes"],"_links":{"self":[{"href":"https:\/\/elportaldorrego.com\/index.php?rest_route=\/wp\/v2\/posts\/7414"}],"collection":[{"href":"https:\/\/elportaldorrego.com\/index.php?rest_route=\/wp\/v2\/posts"}],"about":[{"href":"https:\/\/elportaldorrego.com\/index.php?rest_route=\/wp\/v2\/types\/post"}],"author":[{"embeddable":true,"href":"https:\/\/elportaldorrego.com\/index.php?rest_route=\/wp\/v2\/users\/4"}],"replies":[{"embeddable":true,"href":"https:\/\/elportaldorrego.com\/index.php?rest_route=%2Fwp%2Fv2%2Fcomments&post=7414"}],"version-history":[{"count":5,"href":"https:\/\/elportaldorrego.com\/index.php?rest_route=\/wp\/v2\/posts\/7414\/revisions"}],"predecessor-version":[{"id":7426,"href":"https:\/\/elportaldorrego.com\/index.php?rest_route=\/wp\/v2\/posts\/7414\/revisions\/7426"}],"wp:attachment":[{"href":"https:\/\/elportaldorrego.com\/index.php?rest_route=%2Fwp%2Fv2%2Fmedia&parent=7414"}],"wp:term":[{"taxonomy":"category","embeddable":true,"href":"https:\/\/elportaldorrego.com\/index.php?rest_route=%2Fwp%2Fv2%2Fcategories&post=7414"},{"taxonomy":"post_tag","embeddable":true,"href":"https:\/\/elportaldorrego.com\/index.php?rest_route=%2Fwp%2Fv2%2Ftags&post=7414"}],"curies":[{"name":"wp","href":"https:\/\/api.w.org\/{rel}","templated":true}]}}