{"id":7502,"date":"2023-04-19T22:30:17","date_gmt":"2023-04-19T22:30:17","guid":{"rendered":"http:\/\/elportaldorrego.com\/?p=7502"},"modified":"2023-04-19T22:30:23","modified_gmt":"2023-04-19T22:30:23","slug":"m-hermoso-el-seleccionado-femenino-de-futbol-local-disputara-las-semifinales-de-la-copa-igualdad","status":"publish","type":"post","link":"https:\/\/elportaldorrego.com\/?p=7502","title":{"rendered":"M.Hermoso : El seleccionado femenino de f\u00fatbol local disputar\u00e1 las semifinales de la Copa Igualdad"},"content":{"rendered":"\n<p><strong>#Deportes<\/strong> <strong>#Derechos<\/strong><\/p>\n\n\n\n<p><\/p>\n\n\n\n<p>La semana pasada se inaugur\u00f3 la primera fecha de la 2\u00b0 edici\u00f3n del Torneo \u201cCopa Igualdad\u201d, organizada por la Subsecretar\u00eda de Pol\u00edticas Transversales de G\u00e9nero de la Provincia, de la que participan 80 seleccionados municipales.<\/p>\n\n\n\n<p>Monte Hermoso perteneciente a la 6\u00b0 Secci\u00f3n en su debut gole\u00f3 por 12 a 0 al equipo de Daireaux y \u00e9ste s\u00e1bado 22 de abril en la ciudad de Laprida disputar\u00e1 la etapa final junto a los equipos de Tres Arroyos, de Coronel Suarez y el de la localidad anfitriona.<\/p>\n\n\n\n<p>Durante la primera jornada de la competencia se llev\u00f3 a cabo el taller de \u201cLey Micaela en el Deporte\u201d a cargo de la Direcci\u00f3n de Pol\u00edticas Culturales para la Igualdad con el objetivo de capacitar en materia de g\u00e9nero y violencias en el \u00e1mbito deportivo.<\/p>\n\n\n\n<p>El seleccionado montehermose\u00f1o se conform\u00f3 mediante un trabajo de la Subsecretar\u00eda de Deporte, donde despu\u00e9s de varios encuentros se designaron a las jugadoras que representan a la ciudad.<\/p>\n\n\n\n<p>Info y foto : Secretar\u00eda de Comunicaci\u00f3n, Ceremonial y Protocolo\u00a0<br>Municipalidad de Monte Hermoso<\/p>\n","protected":false},"excerpt":{"rendered":"<p>#Deportes #Derechos La semana pasada se inaugur\u00f3 la primera fecha de la 2\u00b0 edici\u00f3n del Torneo \u201cCopa Igualdad\u201d, organizada por la Subsecretar\u00eda de Pol\u00edticas Transversales de G\u00e9nero de la Provincia, de la que participan 80 seleccionados municipales. Monte Hermoso perteneciente a la 6\u00b0 Secci\u00f3n en su debut gole\u00f3 por 12 a 0 al equipo de &hellip;<\/p>\n","protected":false},"author":4,"featured_media":0,"comment_status":"open","ping_status":"open","sticky":false,"template":"","format":"standard","meta":{"footnotes":""},"categories":[73,105],"tags":[],"class_list":["post-7502","post","type-post","status-publish","format-standard","","category-deportes","category-region"],"_links":{"self":[{"href":"https:\/\/elportaldorrego.com\/index.php?rest_route=\/wp\/v2\/posts\/7502"}],"collection":[{"href":"https:\/\/elportaldorrego.com\/index.php?rest_route=\/wp\/v2\/posts"}],"about":[{"href":"https:\/\/elportaldorrego.com\/index.php?rest_route=\/wp\/v2\/types\/post"}],"author":[{"embeddable":true,"href":"https:\/\/elportaldorrego.com\/index.php?rest_route=\/wp\/v2\/users\/4"}],"replies":[{"embeddable":true,"href":"https:\/\/elportaldorrego.com\/index.php?rest_route=%2Fwp%2Fv2%2Fcomments&post=7502"}],"version-history":[{"count":1,"href":"https:\/\/elportaldorrego.com\/index.php?rest_route=\/wp\/v2\/posts\/7502\/revisions"}],"predecessor-version":[{"id":7503,"href":"https:\/\/elportaldorrego.com\/index.php?rest_route=\/wp\/v2\/posts\/7502\/revisions\/7503"}],"wp:attachment":[{"href":"https:\/\/elportaldorrego.com\/index.php?rest_route=%2Fwp%2Fv2%2Fmedia&parent=7502"}],"wp:term":[{"taxonomy":"category","embeddable":true,"href":"https:\/\/elportaldorrego.com\/index.php?rest_route=%2Fwp%2Fv2%2Fcategories&post=7502"},{"taxonomy":"post_tag","embeddable":true,"href":"https:\/\/elportaldorrego.com\/index.php?rest_route=%2Fwp%2Fv2%2Ftags&post=7502"}],"curies":[{"name":"wp","href":"https:\/\/api.w.org\/{rel}","templated":true}]}}