{"id":7660,"date":"2023-04-27T00:54:58","date_gmt":"2023-04-27T00:54:58","guid":{"rendered":"http:\/\/elportaldorrego.com\/?p=7660"},"modified":"2023-04-27T00:54:59","modified_gmt":"2023-04-27T00:54:59","slug":"alumnos-de-la-escuela-no4-de-el-perdido-estuvieron-en-la-planta-plaseres","status":"publish","type":"post","link":"https:\/\/elportaldorrego.com\/?p=7660","title":{"rendered":"Alumnos de la Escuela N\u00ba4 de El Perdido estuvieron en la Planta Plaseres"},"content":{"rendered":"\n<p><\/p>\n\n\n\n<p>&nbsp;&nbsp;&nbsp;&nbsp;&nbsp;&nbsp;&nbsp;&nbsp;&nbsp;&nbsp;&nbsp; D\u00edas pasados visitaron la Planta de Separaci\u00f3n de Residuos S\u00f3lidos Urbanos (Plaseres) de nuestra ciudad, alumnos de 6\u00ba a\u00f1o, Ciencias Naturales, de la Escuela N\u00ba4 de El Perdido, en el marco del Programa \u00abEl Perdido Sustentable\u00bb; estuvieron acompa\u00f1ados de las docentes Doris Etzel y Florencia Heim.<\/p>\n\n\n\n<p>&nbsp;&nbsp;&nbsp;&nbsp;&nbsp;&nbsp;&nbsp;&nbsp;&nbsp;&nbsp;&nbsp; En la Planta fueron recibidos por el director de Servicios, Ramiro Zarzoso quien brind\u00f3 una charla explicativa acerca del tratamiento que se lleva a cabo a los residuos desde la recolecci\u00f3n hasta la clasificaci\u00f3n en las diferentes corrientes de residuos.<\/p>\n\n\n\n<p>\u00a0\u00a0\u00a0\u00a0\u00a0\u00a0\u00a0\u00a0\u00a0\u00a0\u00a0 Los visitantes realizaron diferentes consultas acerca del trabajo que se lleva a cabo en Plaseres que ser\u00e1n volcadas en una tarea de recopilaci\u00f3n de datos que llevan a cabo en diferentes plantas de tratamiento de residuos de la zona.<\/p>\n\n\n\n<p>Info y foto : Prensa municipalidad de C.Dorrego <\/p>\n\n\n\n<figure class=\"wp-block-image size-full\"><img decoding=\"async\" src=\"http:\/\/elportaldorrego.com\/wp-content\/uploads\/2023\/04\/alumnos-1.jpg\" alt=\"\" class=\"wp-image-7661\" \/><\/figure>\n","protected":false},"excerpt":{"rendered":"<p>&nbsp;&nbsp;&nbsp;&nbsp;&nbsp;&nbsp;&nbsp;&nbsp;&nbsp;&nbsp;&nbsp; D\u00edas pasados visitaron la Planta de Separaci\u00f3n de Residuos S\u00f3lidos Urbanos (Plaseres) de nuestra ciudad, alumnos de 6\u00ba a\u00f1o, Ciencias Naturales, de la Escuela N\u00ba4 de El Perdido, en el marco del Programa \u00abEl Perdido Sustentable\u00bb; estuvieron acompa\u00f1ados de las docentes Doris Etzel y Florencia Heim. &nbsp;&nbsp;&nbsp;&nbsp;&nbsp;&nbsp;&nbsp;&nbsp;&nbsp;&nbsp;&nbsp; En la Planta fueron recibidos por el &hellip;<\/p>\n","protected":false},"author":4,"featured_media":0,"comment_status":"open","ping_status":"open","sticky":false,"template":"","format":"standard","meta":{"footnotes":""},"categories":[69],"tags":[],"class_list":["post-7660","post","type-post","status-publish","format-standard","","category-locales"],"_links":{"self":[{"href":"https:\/\/elportaldorrego.com\/index.php?rest_route=\/wp\/v2\/posts\/7660"}],"collection":[{"href":"https:\/\/elportaldorrego.com\/index.php?rest_route=\/wp\/v2\/posts"}],"about":[{"href":"https:\/\/elportaldorrego.com\/index.php?rest_route=\/wp\/v2\/types\/post"}],"author":[{"embeddable":true,"href":"https:\/\/elportaldorrego.com\/index.php?rest_route=\/wp\/v2\/users\/4"}],"replies":[{"embeddable":true,"href":"https:\/\/elportaldorrego.com\/index.php?rest_route=%2Fwp%2Fv2%2Fcomments&post=7660"}],"version-history":[{"count":1,"href":"https:\/\/elportaldorrego.com\/index.php?rest_route=\/wp\/v2\/posts\/7660\/revisions"}],"predecessor-version":[{"id":7662,"href":"https:\/\/elportaldorrego.com\/index.php?rest_route=\/wp\/v2\/posts\/7660\/revisions\/7662"}],"wp:attachment":[{"href":"https:\/\/elportaldorrego.com\/index.php?rest_route=%2Fwp%2Fv2%2Fmedia&parent=7660"}],"wp:term":[{"taxonomy":"category","embeddable":true,"href":"https:\/\/elportaldorrego.com\/index.php?rest_route=%2Fwp%2Fv2%2Fcategories&post=7660"},{"taxonomy":"post_tag","embeddable":true,"href":"https:\/\/elportaldorrego.com\/index.php?rest_route=%2Fwp%2Fv2%2Ftags&post=7660"}],"curies":[{"name":"wp","href":"https:\/\/api.w.org\/{rel}","templated":true}]}}