{"id":7683,"date":"2023-04-28T14:55:31","date_gmt":"2023-04-28T14:55:31","guid":{"rendered":"http:\/\/elportaldorrego.com\/?p=7683"},"modified":"2023-04-28T14:55:32","modified_gmt":"2023-04-28T14:55:32","slug":"el-intendente-municipal-visito-mariposas","status":"publish","type":"post","link":"https:\/\/elportaldorrego.com\/?p=7683","title":{"rendered":"El intendente municipal visit\u00f3 Mariposas"},"content":{"rendered":"\n<p>El intendente Reyes visit\u00f3 en la ma\u00f1ana de este jueves la Guarder\u00eda Infantil Mariposas. All\u00ed fue recibido por la presidente la Asociaci\u00f3n de Protecci\u00f3n y Amparo al Ni\u00f1o (APAN), Mar\u00eda Laura Dumrauff y la directora del establecimiento, M\u00f3nica Di Croce <\/p>\n\n\n\n<p>&nbsp;&nbsp;&nbsp;&nbsp;&nbsp;&nbsp;&nbsp;&nbsp;&nbsp;&nbsp;&nbsp; El jefe comunal recorri\u00f3 las instalaciones ubicadas en El Indio y Echeverr\u00eda de nuestra ciudad y se interes\u00f3 por aspectos relacionados con el funcionamiento del lugar; desde la entidad le informaron que se ha ampliado el rango de edad de los ingresantes, que va desde los 45 d\u00edas hasta los 8 a\u00f1os mientras que el horario de funcionamiento es ahora de 6:50 a 20:00 horas contando con servicio de alimentaci\u00f3n durante toda la jornada y actividades destinadas a cada franja et\u00e1rea. Informaron tambi\u00e9n que existe la posibilidad de inscripci\u00f3n por mes, por semana o por d\u00eda y que reciben permanentes consultas al respecto.<\/p>\n\n\n\n<p>\u00a0\u00a0\u00a0\u00a0\u00a0\u00a0\u00a0\u00a0\u00a0\u00a0\u00a0 El intendente Reyes se comprometi\u00f3 a colaborar con APAN en todo cuanto le sea posible.<\/p>\n\n\n\n<p>Info y fotos : Prensa Municipalidad de C.Dorrego <\/p>\n\n\n\n<figure class=\"wp-block-image size-large\"><img decoding=\"async\" src=\"http:\/\/elportaldorrego.com\/wp-content\/uploads\/2023\/04\/IMG_1784-1024x575.jpg\" alt=\"\" class=\"wp-image-7684\" \/><\/figure>\n\n\n\n<figure class=\"wp-block-image size-large\"><img decoding=\"async\" src=\"http:\/\/elportaldorrego.com\/wp-content\/uploads\/2023\/04\/IMG_1782-1024x575.jpg\" alt=\"\" class=\"wp-image-7685\" \/><\/figure>\n","protected":false},"excerpt":{"rendered":"<p>El intendente Reyes visit\u00f3 en la ma\u00f1ana de este jueves la Guarder\u00eda Infantil Mariposas. All\u00ed fue recibido por la presidente la Asociaci\u00f3n de Protecci\u00f3n y Amparo al Ni\u00f1o (APAN), Mar\u00eda Laura Dumrauff y la directora del establecimiento, M\u00f3nica Di Croce &nbsp;&nbsp;&nbsp;&nbsp;&nbsp;&nbsp;&nbsp;&nbsp;&nbsp;&nbsp;&nbsp; El jefe comunal recorri\u00f3 las instalaciones ubicadas en El Indio y Echeverr\u00eda de nuestra &hellip;<\/p>\n","protected":false},"author":4,"featured_media":0,"comment_status":"open","ping_status":"open","sticky":false,"template":"","format":"standard","meta":{"footnotes":""},"categories":[69],"tags":[],"class_list":["post-7683","post","type-post","status-publish","format-standard","","category-locales"],"_links":{"self":[{"href":"https:\/\/elportaldorrego.com\/index.php?rest_route=\/wp\/v2\/posts\/7683"}],"collection":[{"href":"https:\/\/elportaldorrego.com\/index.php?rest_route=\/wp\/v2\/posts"}],"about":[{"href":"https:\/\/elportaldorrego.com\/index.php?rest_route=\/wp\/v2\/types\/post"}],"author":[{"embeddable":true,"href":"https:\/\/elportaldorrego.com\/index.php?rest_route=\/wp\/v2\/users\/4"}],"replies":[{"embeddable":true,"href":"https:\/\/elportaldorrego.com\/index.php?rest_route=%2Fwp%2Fv2%2Fcomments&post=7683"}],"version-history":[{"count":1,"href":"https:\/\/elportaldorrego.com\/index.php?rest_route=\/wp\/v2\/posts\/7683\/revisions"}],"predecessor-version":[{"id":7686,"href":"https:\/\/elportaldorrego.com\/index.php?rest_route=\/wp\/v2\/posts\/7683\/revisions\/7686"}],"wp:attachment":[{"href":"https:\/\/elportaldorrego.com\/index.php?rest_route=%2Fwp%2Fv2%2Fmedia&parent=7683"}],"wp:term":[{"taxonomy":"category","embeddable":true,"href":"https:\/\/elportaldorrego.com\/index.php?rest_route=%2Fwp%2Fv2%2Fcategories&post=7683"},{"taxonomy":"post_tag","embeddable":true,"href":"https:\/\/elportaldorrego.com\/index.php?rest_route=%2Fwp%2Fv2%2Ftags&post=7683"}],"curies":[{"name":"wp","href":"https:\/\/api.w.org\/{rel}","templated":true}]}}