{"id":7728,"date":"2023-05-02T15:13:38","date_gmt":"2023-05-02T15:13:38","guid":{"rendered":"http:\/\/elportaldorrego.com\/?p=7728"},"modified":"2023-05-11T21:52:10","modified_gmt":"2023-05-11T21:52:10","slug":"comenzo-la-tarea-de-poda-en-el-arbolado-urbano","status":"publish","type":"post","link":"https:\/\/elportaldorrego.com\/?p=7728","title":{"rendered":"Comenz\u00f3 la tarea de poda en el arbolado urbano"},"content":{"rendered":"\n<p><\/p>\n\n\n\n<p>&nbsp;&nbsp;&nbsp;&nbsp;&nbsp;&nbsp;&nbsp;&nbsp;&nbsp;&nbsp;&nbsp; El director de Producci\u00f3n de la comuna, Lucas Errazquin inform\u00f3 que comenz\u00f3 la tarea de poda del arbolado urbano a trav\u00e9s del \u00c1rea Vivero Parque.&nbsp; Destac\u00f3 que para realizar este trabajo previamente se desarrollaron jornadas de capacitaci\u00f3n al personal afectado, a cargo de la Jefa del Vivero Parque y los responsables de Seguridad e Higiene.<\/p>\n\n\n\n<p>Info y fotos : Prensa Municipalidad de C.Dorrego <\/p>\n\n\n\n<figure class=\"wp-block-image size-large\"><img decoding=\"async\" src=\"http:\/\/elportaldorrego.com\/wp-content\/uploads\/2023\/05\/Capacitacion-poda-1024x768.jpg\" alt=\"\" class=\"wp-image-7729\" \/><\/figure>\n\n\n\n<figure class=\"wp-block-image size-large\"><img decoding=\"async\" src=\"http:\/\/elportaldorrego.com\/wp-content\/uploads\/2023\/05\/Poda-1024x768.jpg\" alt=\"\" class=\"wp-image-7730\" \/><\/figure>\n","protected":false},"excerpt":{"rendered":"<p>&nbsp;&nbsp;&nbsp;&nbsp;&nbsp;&nbsp;&nbsp;&nbsp;&nbsp;&nbsp;&nbsp; El director de Producci\u00f3n de la comuna, Lucas Errazquin inform\u00f3 que comenz\u00f3 la tarea de poda del arbolado urbano a trav\u00e9s del \u00c1rea Vivero Parque.&nbsp; Destac\u00f3 que para realizar este trabajo previamente se desarrollaron jornadas de capacitaci\u00f3n al personal afectado, a cargo de la Jefa del Vivero Parque y los responsables de Seguridad e &hellip;<\/p>\n","protected":false},"author":4,"featured_media":0,"comment_status":"open","ping_status":"open","sticky":false,"template":"","format":"standard","meta":{"footnotes":""},"categories":[69],"tags":[],"class_list":["post-7728","post","type-post","status-publish","format-standard","","category-locales"],"_links":{"self":[{"href":"https:\/\/elportaldorrego.com\/index.php?rest_route=\/wp\/v2\/posts\/7728"}],"collection":[{"href":"https:\/\/elportaldorrego.com\/index.php?rest_route=\/wp\/v2\/posts"}],"about":[{"href":"https:\/\/elportaldorrego.com\/index.php?rest_route=\/wp\/v2\/types\/post"}],"author":[{"embeddable":true,"href":"https:\/\/elportaldorrego.com\/index.php?rest_route=\/wp\/v2\/users\/4"}],"replies":[{"embeddable":true,"href":"https:\/\/elportaldorrego.com\/index.php?rest_route=%2Fwp%2Fv2%2Fcomments&post=7728"}],"version-history":[{"count":2,"href":"https:\/\/elportaldorrego.com\/index.php?rest_route=\/wp\/v2\/posts\/7728\/revisions"}],"predecessor-version":[{"id":7959,"href":"https:\/\/elportaldorrego.com\/index.php?rest_route=\/wp\/v2\/posts\/7728\/revisions\/7959"}],"wp:attachment":[{"href":"https:\/\/elportaldorrego.com\/index.php?rest_route=%2Fwp%2Fv2%2Fmedia&parent=7728"}],"wp:term":[{"taxonomy":"category","embeddable":true,"href":"https:\/\/elportaldorrego.com\/index.php?rest_route=%2Fwp%2Fv2%2Fcategories&post=7728"},{"taxonomy":"post_tag","embeddable":true,"href":"https:\/\/elportaldorrego.com\/index.php?rest_route=%2Fwp%2Fv2%2Ftags&post=7728"}],"curies":[{"name":"wp","href":"https:\/\/api.w.org\/{rel}","templated":true}]}}