{"id":7751,"date":"2023-05-03T11:50:56","date_gmt":"2023-05-03T11:50:56","guid":{"rendered":"http:\/\/elportaldorrego.com\/?p=7751"},"modified":"2023-05-03T11:53:36","modified_gmt":"2023-05-03T11:53:36","slug":"sentido-homenajes-a-los-heroes-y-martires-del-crucero-belgrano","status":"publish","type":"post","link":"https:\/\/elportaldorrego.com\/?p=7751","title":{"rendered":"Sentido homenajes a los h\u00e9roes y m\u00e1rtires del Crucero Belgrano"},"content":{"rendered":"\n<p><\/p>\n\n\n\n<p>&nbsp;&nbsp;&nbsp;&nbsp;&nbsp;&nbsp;&nbsp;&nbsp;&nbsp;&nbsp;&nbsp; Presidido por el intendente Ra\u00fal Reyes se realiz\u00f3  el Acto por el aniversario del Hundimiento del Crucero A.R.A General Belgrano que se desarroll\u00f3 en la Plaza Rub\u00e9n Alvarez del Barrios Islas Malvinas, con la presencia de autoridades, representantes de instituciones y vecinos.<\/p>\n\n\n\n<p>&nbsp;&nbsp;&nbsp;&nbsp;&nbsp;&nbsp;&nbsp;&nbsp;&nbsp;&nbsp;&nbsp; Luego del izamiento de la ense\u00f1a Nacional habl\u00f3 el subdirector de Bromatolog\u00eda, Pedro Reta, quien entre otros conceptos mencion\u00f3: \u00abHoy nos reunimos para rendir homenaje a los 1.093 marinos que formaban la tripulaci\u00f3n del Crucero ARA General Belgrano. De los cuales 323 quedaron en las profundidades del Mar Argentino. Entre ellos recordaremos a tres dorreguenses: el Conscripto Rub\u00e9n Horacio \u00c1lvarez fallecido el 2 de mayo de 1982, el Suboficial Segundo Omar Santiago Cisneros fallecido el 2 de mayo de 1982 y el Suboficial Principal Maquinista Retiro Efectivo Osvaldo N\u00e9stor Batista fallecido el 6 de mayo de 2022.\u00bb Marinos valientes que asumieron la causa de Malvinas como propia, y llenos de convicci\u00f3n, temor, amor a la patria, valent\u00eda, compa\u00f1erismo y solidaridad, cumplieron con la misi\u00f3n que les fuera encomendada.<\/p>\n\n\n\n<p>Mucho podemos hablar de los pasos previos del Crucero antes de ser torpedeado por el submarino nuclear HMS \u201cConqueror\u201d, lo cual desencadeno su hundimiento. Pero hoy quiero hablares de la gran proeza y el gran dolor que significo el rescate de los n\u00e1ufragos.\u00bb \u00abEl mal tiempo, la poca visibilidad, las bajas temperaturas y un fuerte temporal entorpec\u00edan la exploraci\u00f3n a\u00e9rea, sumado a que las balsas a la deriva se hab\u00edan alejado unos 80 kil\u00f3metros al sureste del lugar del hundimiento. Reci\u00e9n pudieron ser divisadas al mediod\u00eda del 3 de mayo por la aeronave Neptune de la Aviaci\u00f3n Naval que, a punto de quedarse sin combustible suficiente para su regreso al continente, decidi\u00f3 \u201chacer una pasada m\u00e1s\u201d en busca de sus camaradas. A esto se sum\u00f3 la determinaci\u00f3n de los tripulantes a bordo del \u201cGurruchaga\u201d, del \u201cBouchard\u201d, del \u201cPiedrabuena\u201d y del \u201cBah\u00eda Para\u00edso\u201d, que fueron quienes rescataron a los n\u00e1ufragos. Ninguno claudic\u00f3 ni escatim\u00f3 esfuerzos por salvar a sus pares, y esa actitud de compromiso qued\u00f3 plasmada con una frase del Comandante del \u201cGurruchaga\u201d, Capit\u00e1n de Corbeta \u00c1lvaro V\u00e1squez: \u201cHasta la \u00faltima balsa\u201d.\u00bb<\/p>\n\n\n\n<p>&nbsp;&nbsp;&nbsp;&nbsp;&nbsp;&nbsp;&nbsp;&nbsp;&nbsp;&nbsp;&nbsp; &nbsp;En otro p\u00e1rrafo dijo: \u00abPara el mediod\u00eda del 4 de mayo ya se hab\u00edan recuperado a los 770 sobrevivientes. El 5 de mayo, el \u201cPiedrabuena\u201d, el \u201cBouchard\u201d y el \u201cGurruchaga\u201d arribaron a Ushuaia para desembarcar a los centenares de n\u00e1ufragos. Hasta el 9 de mayo se continu\u00f3 recuperando balsas vac\u00edas o con tripulantes fallecidos. El \u201cBah\u00eda Para\u00edso\u201d encontr\u00f3 las \u00faltimas balsas con cuerpos sin vida. En total, se rescataron 793 tripulantes\u00bb.La dolorosa y abnegada proeza de los tripulantes de estos buques y aeronaves que participaron de la operaci\u00f3n se vio reflejada en incontables actos de coraje, muestras de solidaridad y esp\u00edritu de sacrificio, d\u00eda y noche, sin descanso y en condiciones hostiles\u00bb.<\/p>\n\n\n\n<p>&nbsp;&nbsp;&nbsp;&nbsp;&nbsp;&nbsp;&nbsp;&nbsp;&nbsp;&nbsp;&nbsp; \u00abHoy &#8211; dijo m\u00e1s adelante &#8211;&nbsp; venimos a conmemorar a los h\u00e9roes, en su 41\u00b0aniversario, que nunca los olvidaremos, que su ejemplo estar\u00e1 siempre presente en nuestras mentes y corazones; como tambi\u00e9n, en \u00e9ste monumento, representado por una \u201cOla de mar\u201d recordando a nuestros queridos y nunca olvidados H\u00e9roes&nbsp; tripulantes del ARA General Belgrano\u00bb. Culmin\u00f3 diciendo Pedro Reta.<\/p>\n\n\n\n<p>Info y fotos : Prensa Municipalidad de C.Dorrego <\/p>\n\n\n\n<figure class=\"wp-block-image size-large\"><img decoding=\"async\" src=\"http:\/\/elportaldorrego.com\/wp-content\/uploads\/2023\/05\/IMG_1813-1024x575.jpg\" alt=\"\" class=\"wp-image-7752\" \/><\/figure>\n\n\n\n<figure class=\"wp-block-image size-large\"><img decoding=\"async\" src=\"http:\/\/elportaldorrego.com\/wp-content\/uploads\/2023\/05\/IMG_1818-1024x575.jpg\" alt=\"\" class=\"wp-image-7753\" \/><\/figure>\n","protected":false},"excerpt":{"rendered":"<p>&nbsp;&nbsp;&nbsp;&nbsp;&nbsp;&nbsp;&nbsp;&nbsp;&nbsp;&nbsp;&nbsp; Presidido por el intendente Ra\u00fal Reyes se realiz\u00f3 el Acto por el aniversario del Hundimiento del Crucero A.R.A General Belgrano que se desarroll\u00f3 en la Plaza Rub\u00e9n Alvarez del Barrios Islas Malvinas, con la presencia de autoridades, representantes de instituciones y vecinos. &nbsp;&nbsp;&nbsp;&nbsp;&nbsp;&nbsp;&nbsp;&nbsp;&nbsp;&nbsp;&nbsp; Luego del izamiento de la ense\u00f1a Nacional habl\u00f3 el subdirector de &hellip;<\/p>\n","protected":false},"author":4,"featured_media":0,"comment_status":"open","ping_status":"open","sticky":false,"template":"","format":"standard","meta":{"footnotes":""},"categories":[69],"tags":[],"class_list":["post-7751","post","type-post","status-publish","format-standard","","category-locales"],"_links":{"self":[{"href":"https:\/\/elportaldorrego.com\/index.php?rest_route=\/wp\/v2\/posts\/7751"}],"collection":[{"href":"https:\/\/elportaldorrego.com\/index.php?rest_route=\/wp\/v2\/posts"}],"about":[{"href":"https:\/\/elportaldorrego.com\/index.php?rest_route=\/wp\/v2\/types\/post"}],"author":[{"embeddable":true,"href":"https:\/\/elportaldorrego.com\/index.php?rest_route=\/wp\/v2\/users\/4"}],"replies":[{"embeddable":true,"href":"https:\/\/elportaldorrego.com\/index.php?rest_route=%2Fwp%2Fv2%2Fcomments&post=7751"}],"version-history":[{"count":2,"href":"https:\/\/elportaldorrego.com\/index.php?rest_route=\/wp\/v2\/posts\/7751\/revisions"}],"predecessor-version":[{"id":7757,"href":"https:\/\/elportaldorrego.com\/index.php?rest_route=\/wp\/v2\/posts\/7751\/revisions\/7757"}],"wp:attachment":[{"href":"https:\/\/elportaldorrego.com\/index.php?rest_route=%2Fwp%2Fv2%2Fmedia&parent=7751"}],"wp:term":[{"taxonomy":"category","embeddable":true,"href":"https:\/\/elportaldorrego.com\/index.php?rest_route=%2Fwp%2Fv2%2Fcategories&post=7751"},{"taxonomy":"post_tag","embeddable":true,"href":"https:\/\/elportaldorrego.com\/index.php?rest_route=%2Fwp%2Fv2%2Ftags&post=7751"}],"curies":[{"name":"wp","href":"https:\/\/api.w.org\/{rel}","templated":true}]}}