{"id":7838,"date":"2023-05-06T23:06:18","date_gmt":"2023-05-06T23:06:18","guid":{"rendered":"http:\/\/elportaldorrego.com\/?p=7838"},"modified":"2023-05-07T03:24:14","modified_gmt":"2023-05-07T03:24:14","slug":"futbol-se-jugo-la-cuarta-fecha-en-menores-e-infantiles","status":"publish","type":"post","link":"https:\/\/elportaldorrego.com\/?p=7838","title":{"rendered":"F\u00fatbol : Se jug\u00f3 la cuarta fecha en menores e infantiles"},"content":{"rendered":"\n<p>Se jug\u00f3 la cuarta fecha del torneo oficial F\u00fatbol menor e infantil centenario del club Independiente<\/p>\n\n\n\n<p>Fue libre Independiente<\/p>\n\n\n\n<p><strong>Resultados <\/strong><\/p>\n\n\n\n<figure class=\"wp-block-table\"><table><tbody><tr><td><strong>Escenario &nbsp;Jos\u00e9 Pepe Avello del club Progreso de El Perdido<\/strong><\/td><\/tr><tr><td><strong>Menores<\/strong><br><strong>SUB 13<\/strong><br><strong>Progreso : ( 2 )<\/strong> : Jonas Moyano ( 2 )<br><strong>Porte\u00f1o :  ( 5 )<\/strong> : Rafael Gonzalez &#8212; Thiago Gonzalez &#8212; Benicio Blanco &#8212; Juan Cardoso &#8212; ( uno en contra )<\/td><\/tr><tr><td><strong>SUB 15<\/strong><br>No jugaron ya que ambos  no presenta esta categor\u00eda<\/td><\/tr><tr><td><strong>SUB 1<\/strong>7<br><strong>Progreso : ( 1 )<\/strong> : Tobias Ullmann<br><strong>Porte\u00f1o :  ( 2 )<\/strong> : Joel Fernandez ( 2 )<br>Porte\u00f1o jug\u00f3 todo el partido con 8 <br>Hubo 3 expulsados , 2 de Progreso y uno de Porte\u00f1o<\/td><\/tr><tr><td><strong>Infantiles<\/strong><br><strong>SUB 8<\/strong><br><strong>Progreso : ( 0 )<\/strong><br><strong>Porte\u00f1o :  ( 8 )<\/strong> : Luano Cardoso ( 3 ) &#8212; Simon Alvarez ( 2 ) &#8212; Constantino Leiva ( 2 ) &#8212; Ciro Ibarra<\/td><\/tr><tr><td><strong>SUB 9<\/strong><br><strong>Progreso : ( 2 )<\/strong>&nbsp;: Migue Larrea \u2014 Thian Arana<br><strong>Porte\u00f1o :  ( 2 )<\/strong> : Rodrigo Romanelli &#8212; Valentin Kriger<\/td><\/tr><tr><td><strong>SUB&nbsp;<\/strong>10<br>No jugaron ya que Progreso no presenta esta categor\u00eda<\/td><\/tr><tr><td><strong>SUB 11<\/strong><br><strong>Progreso : ( 3 )<\/strong> : Benjamin Moyano &#8212; Benjamin Fernandez  &#8212; Ian Didomenico<br><strong>Porte\u00f1o :  ( 1 )<\/strong> : Ulises Rohlmann<\/td><\/tr><\/tbody><\/table><\/figure>\n\n\n\n<figure class=\"wp-block-table\"><table><tbody><tr><td><strong>Escenario del club El Quequ\u00e9n Oriente<\/strong><\/td><\/tr><tr><td><strong>Menores<\/strong><br><strong>SUB 13<\/strong><br><strong>Uni\u00f3n Santamarina : ( 2 )<\/strong> : Dylan Maranzana &#8212; Martin Fauquen <br><strong>V.Rosa : ( 0 ) <\/strong><\/td><\/tr><tr><td><strong>SUB 15<\/strong><br><strong>Uni\u00f3n Santamarina : ( 1 )<\/strong> : Tomas Sollano<br><strong>V.Rosa : ( 0 ) <\/strong><br><strong>Expulsado <\/strong>: Benjamin Farret ( V.R. )<\/td><\/tr><tr><td><strong>SUB 1<\/strong>7<br><strong>Uni\u00f3n Santamarina : ( 3 )<\/strong> : Nahuel Bonini &#8212; Dario Valentino &#8212; Angel Olivera<br><strong>V.Rosa : ( 2 ) :<\/strong>&nbsp;Thiago Fernandez &#8212; Thiago Bilbao<\/td><\/tr><tr><td><strong>Infantiles<\/strong><br><strong>SUB 8<\/strong><br><strong>Uni\u00f3n Santamarina : ( 1 )<\/strong>&nbsp;: Gustavo Cortez<br><strong>V.Rosa : ( 3 )<\/strong> : I\u00f1aqui  Albizu ( 2 ) &#8212; Milo Palacio<\/td><\/tr><tr><td><strong>SUB 9<\/strong><br><strong>Uni\u00f3n Santamarina : ( 3 )<\/strong>&nbsp;: Antonio Uslenghi &#8212; Francisco Bali\u00f1o ( 2 ) <br><strong>V.Rosa : ( 2 ) :<\/strong>&nbsp;Jonathan Banegas &#8212; Benicio Palacio<\/td><\/tr><tr><td><strong>SUB<\/strong>&nbsp;<strong>10<\/strong><br><strong>Uni\u00f3n Santamarina : ( 0 )<\/strong>&nbsp;<br><strong>V.Rosa : ( 6 ) :<\/strong>&nbsp;Santino Michelena ( 2 ) \u2014 Benjamin Flores &#8212; Laureano Rodriguez &#8212; Carlos Roldan &#8212; Rafael Saenz<\/td><\/tr><tr><td><strong>SUB 11<\/strong><br><strong>Uni\u00f3n Santamarina : ( 1 )<\/strong> : Octavio Escobar<br><strong>V.Rosa : ( 1 ) :<\/strong>&nbsp;Jos\u00e9 Andrade<\/td><\/tr><\/tbody><\/table><\/figure>\n\n\n\n<figure class=\"wp-block-table\"><table><tbody><tr><td><strong>Escenario<\/strong>&nbsp;<strong>Roberto Di Filippo del club Suteryh<\/strong><br>Cl\u00e1sico de la ciudad de M.Hermoso en menores e infantiles <\/td><\/tr><tr><td><strong>Menores<\/strong><br><strong>SUB 13<\/strong><strong><br>Suteryh : ( 1 ) :<\/strong>&nbsp;Mateo Tello<br><strong>A.M.Hermoso : ( 0 ) <\/strong><\/td><\/tr><tr><td><strong>SUB 15<\/strong><strong><br>Suteryh : ( 2 ) :<\/strong>&nbsp;Bautista Lizarrondo ( P ) &#8212; Axel Platner<br><strong>A.M.Hermoso : ( 1 ) :<\/strong>&nbsp;Benjamin Ortiz<\/td><\/tr><tr><td><strong>SUB 17<br>Suteryh : ( 2 ) :&nbsp;<\/strong>Leandro Chaves ( P ) &#8212; Genaro Bocanegra<br><strong>A.M.Hermoso : ( 1 ) :<\/strong>&nbsp;Ayrton Matelica ( P )<br><strong>Expulsados :<\/strong> Leandro Chaves ( Sut. ) &#8212; Rafael Iparaguirre ( A.M.H. ) &#8212;  Luca Ferrucci ( A.M.H. ) &#8212; Tomas Coronel ( A.M.H. )<\/td><\/tr><tr><td><strong>Infantiles<\/strong><br><strong>SUB 8<\/strong><br><strong>Suteryh : ( 1 )<\/strong> : Patricio Gutierrez<br><strong>A.M.Hermoso : ( 0 ) <\/strong><\/td><\/tr><tr><td><strong>SUB 9<\/strong><strong><br>Suteryh : ( 2 ) :<\/strong>&nbsp; Alesio Figueredo ( 2 )<br><strong>A.M.Hermoso : ( 4 ) :<\/strong>&nbsp;Pau Luison \u2014 Ramon Arranz &#8212; Santino Pintos &#8212; Jano Sanchez<\/td><\/tr><tr><td><strong>SUB&nbsp;10<\/strong><strong><br>Suteryh : ( 1 ) :<\/strong>&nbsp; Ciro Coronel <br><strong>A.M.Hermoso : ( 3 ) :<\/strong>&nbsp; Baltazar Ciros \u2014 Benjamin Banegas  \u2014 Bautista Riquelme<\/td><\/tr><tr><td><strong>SUB 11<\/strong><strong><br>Suteryh : ( 4 ) :<\/strong>&nbsp;Tiziano De Leon ( 2 ) &#8212; Thiago Velazquez &#8212; Mateo Carrasco<br><strong>A.M.Hermoso : ( 2 ) :<\/strong>&nbsp;Mateo Fernandez &#8212; Salvador Gentile<\/td><\/tr><\/tbody><\/table><\/figure>\n\n\n\n<figure class=\"wp-block-table\"><table><tbody><tr><td><strong>Complejo 14 de Febrero del club Ferroviario<\/strong><br><strong>Cl\u00e1sico en menores<\/strong><\/td><\/tr><tr><td><strong>SUB 13<\/strong><br><strong>Ferroviario : ( 0 )<\/strong>&nbsp;<br><strong>San Mart\u00edn : ( 0 )<\/strong><\/td><\/tr><tr><td><strong>SUB 15<\/strong><br><strong>Ferroviario : ( 1 )<\/strong>&nbsp;: Lisandro Chiaradia<br><strong>San Mart\u00edn : ( 0 )<\/strong><br><strong>Expulsado :<\/strong> Valentin Yezzi ( S.M. )<\/td><\/tr><tr><td><strong>SUB 17<\/strong><br><strong>Ferroviario : ( 1 )<\/strong>&nbsp;: Guido Lombardelli Brussa ( P )<br><strong>San Mart\u00edn : ( 4 ) : <\/strong>Benjamin Caballin &#8212;<strong> &nbsp;<\/strong>Joaquin Alvarez \u2014 Joel Castiglioni &#8212; Luis Alonso<br><strong>Expulsados :<\/strong> Enzo Perez ( F ) \u2014 Joaquin Alvarez ( S.M. ) &#8212; Braian Colamarino ( S.M. )<\/td><\/tr><tr><td><strong>Infantiles<\/strong><br><strong>SUB 8<\/strong><br><strong>Ferroviario : ( 1 )<\/strong>&nbsp;:  Benjamin Adorno<br><strong>San Mart\u00edn : ( 6 )<\/strong>&nbsp;: Lautaro Lindner ( 2 ) \u2014 Martino Perez ( 2 ) \u2014 Teo Sosa &#8212; ( uno en contra )<\/td><\/tr><tr><td><strong>SUB 9<\/strong><br><strong>Ferroviario : ( 2 )<\/strong>&nbsp;: Lucas Menna &#8212; Benjamin Berenguer<br><strong>San Mart\u00edn : ( 3 ) :&nbsp;<\/strong>Ariel Zalazar &#8212; Maitena Dell Archiprete &#8212; Segundo Candia<\/td><\/tr><tr><td><strong>SUB&nbsp;<\/strong>1<strong>0<\/strong><br><strong>Ferroviario : ( 2 )<\/strong> : Joaquin Michelena &#8212; Benjamin Ibarra<br><strong>San Mart\u00edn : ( 2 )<\/strong> : Mateo Michelena &#8212; Maitena Dell Archiprette<\/td><\/tr><tr><td><strong>SUB 11<\/strong><br><strong>Ferroviario : ( 2 )<\/strong> : Nahuel La Grutta &#8212; Leo Crisci<br><strong>San Mart\u00edn : ( 0 ) <\/strong><\/td><\/tr><\/tbody><\/table><\/figure>\n\n\n\n<p>Pr\u00f3xima fecha<\/p>\n\n\n\n<p>5\u00aa del torneo<\/p>\n\n\n\n<p> San Mart\u00edn vs Independiente<\/p>\n\n\n\n<p>A.M.Hermoso vs Ferroviario<\/p>\n\n\n\n<p> V.Rosa vs Suteryh<\/p>\n\n\n\n<p>Porte\u00f1o vs Uni\u00f3n Santamarina<\/p>\n\n\n\n<p>Libre : Progreso<\/p>\n","protected":false},"excerpt":{"rendered":"<p>Se jug\u00f3 la cuarta fecha del torneo oficial F\u00fatbol menor e infantil centenario del club Independiente Fue libre Independiente Resultados Escenario &nbsp;Jos\u00e9 Pepe Avello del club Progreso de El PerdidoMenoresSUB 13Progreso : ( 2 ) : Jonas Moyano ( 2 )Porte\u00f1o : ( 5 ) : Rafael Gonzalez &#8212; Thiago Gonzalez &#8212; Benicio Blanco &#8212; &hellip;<\/p>\n","protected":false},"author":4,"featured_media":0,"comment_status":"open","ping_status":"open","sticky":false,"template":"","format":"standard","meta":{"footnotes":""},"categories":[73],"tags":[],"class_list":["post-7838","post","type-post","status-publish","format-standard","","category-deportes"],"_links":{"self":[{"href":"https:\/\/elportaldorrego.com\/index.php?rest_route=\/wp\/v2\/posts\/7838"}],"collection":[{"href":"https:\/\/elportaldorrego.com\/index.php?rest_route=\/wp\/v2\/posts"}],"about":[{"href":"https:\/\/elportaldorrego.com\/index.php?rest_route=\/wp\/v2\/types\/post"}],"author":[{"embeddable":true,"href":"https:\/\/elportaldorrego.com\/index.php?rest_route=\/wp\/v2\/users\/4"}],"replies":[{"embeddable":true,"href":"https:\/\/elportaldorrego.com\/index.php?rest_route=%2Fwp%2Fv2%2Fcomments&post=7838"}],"version-history":[{"count":3,"href":"https:\/\/elportaldorrego.com\/index.php?rest_route=\/wp\/v2\/posts\/7838\/revisions"}],"predecessor-version":[{"id":7843,"href":"https:\/\/elportaldorrego.com\/index.php?rest_route=\/wp\/v2\/posts\/7838\/revisions\/7843"}],"wp:attachment":[{"href":"https:\/\/elportaldorrego.com\/index.php?rest_route=%2Fwp%2Fv2%2Fmedia&parent=7838"}],"wp:term":[{"taxonomy":"category","embeddable":true,"href":"https:\/\/elportaldorrego.com\/index.php?rest_route=%2Fwp%2Fv2%2Fcategories&post=7838"},{"taxonomy":"post_tag","embeddable":true,"href":"https:\/\/elportaldorrego.com\/index.php?rest_route=%2Fwp%2Fv2%2Ftags&post=7838"}],"curies":[{"name":"wp","href":"https:\/\/api.w.org\/{rel}","templated":true}]}}