{"id":7971,"date":"2023-05-12T18:51:03","date_gmt":"2023-05-12T18:51:03","guid":{"rendered":"http:\/\/elportaldorrego.com\/?p=7971"},"modified":"2023-05-12T18:51:05","modified_gmt":"2023-05-12T18:51:05","slug":"futbol-se-completo-la-fecha-8-en-sub23-reserva","status":"publish","type":"post","link":"https:\/\/elportaldorrego.com\/?p=7971","title":{"rendered":"F\u00fatbol : se complet\u00f3 la fecha 8 en sub23 \/ reserva"},"content":{"rendered":"\n<p>Se complet\u00f3 la 8\u00aa fecha en sub 23 \/ reserva  del torneo de f\u00fatbol Uni\u00f3n Regional Diego A. Maradona<\/p>\n\n\n\n<figure class=\"wp-block-table\"><table><tbody><tr><td><strong>Escenario Juan Ripoll del club San Mart\u00edn <br>Sub 23 \/ reserva <\/strong><\/td><\/tr><tr><td><strong>Ferroviario ( 3 )<\/strong>\u00a0<strong>\u00a0vs V.Rosa ( 3 )<\/strong><\/td><\/tr><tr><td><strong>Goles :<\/strong><br><strong>Ferroviario : <\/strong>Rodrigo Sobrero &#8211; Dario Santucho &#8211; Lautaro Larsen<br><strong>V.Rosa : <\/strong>Federico Echeto &#8211; Agustin Echeto &#8211; Tomas Ibarra <br><strong>Expulsado : <\/strong>Efrain Estrada ( F )<\/td><\/tr><\/tbody><\/table><\/figure>\n\n\n\n<figure class=\"wp-block-image size-large\"><img decoding=\"async\" src=\"http:\/\/elportaldorrego.com\/wp-content\/uploads\/2023\/05\/20230511_191113-1024x576.jpg\" alt=\"\" class=\"wp-image-7973\" \/><\/figure>\n\n\n\n<figure class=\"wp-block-table\"><table><tbody><tr><td><strong>Escenario Juan Ripoll del club San Mart\u00edn<br>Sub 23 \/ reserva <\/strong><\/td><\/tr><tr><td><strong>San Mart\u00edn ( 3 )<\/strong>\u00a0<strong>\u00a0vs Independiente ( 1 )<\/strong><\/td><\/tr><tr><td><strong>Goles :<\/strong>\u00a0<br><strong>San Mart\u00edn : <\/strong>Joel Castiglioni &#8211; Alan Vega &#8211; Benjamin Caballin<br><strong> Independiente : <\/strong>Ramiro Simon ( P ) <\/td><\/tr><\/tbody><\/table><\/figure>\n\n\n\n<figure class=\"wp-block-image size-large\"><img decoding=\"async\" src=\"http:\/\/elportaldorrego.com\/wp-content\/uploads\/2023\/05\/20230511_214204-1024x576.jpg\" alt=\"\" class=\"wp-image-7974\" \/><\/figure>\n\n\n\n<figure class=\"wp-block-image size-large\"><img decoding=\"async\" src=\"http:\/\/elportaldorrego.com\/wp-content\/uploads\/2023\/05\/IMG-20230511-WA0012-1024x1024.jpg\" alt=\"\" class=\"wp-image-7972\" \/><\/figure>\n","protected":false},"excerpt":{"rendered":"<p>Se complet\u00f3 la 8\u00aa fecha en sub 23 \/ reserva del torneo de f\u00fatbol Uni\u00f3n Regional Diego A. Maradona Escenario Juan Ripoll del club San Mart\u00edn Sub 23 \/ reserva Ferroviario ( 3 )\u00a0\u00a0vs V.Rosa ( 3 )Goles :Ferroviario : Rodrigo Sobrero &#8211; Dario Santucho &#8211; Lautaro LarsenV.Rosa : Federico Echeto &#8211; Agustin Echeto &#8211; &hellip;<\/p>\n","protected":false},"author":4,"featured_media":0,"comment_status":"open","ping_status":"open","sticky":false,"template":"","format":"standard","meta":{"footnotes":""},"categories":[73],"tags":[],"class_list":["post-7971","post","type-post","status-publish","format-standard","","category-deportes"],"_links":{"self":[{"href":"https:\/\/elportaldorrego.com\/index.php?rest_route=\/wp\/v2\/posts\/7971"}],"collection":[{"href":"https:\/\/elportaldorrego.com\/index.php?rest_route=\/wp\/v2\/posts"}],"about":[{"href":"https:\/\/elportaldorrego.com\/index.php?rest_route=\/wp\/v2\/types\/post"}],"author":[{"embeddable":true,"href":"https:\/\/elportaldorrego.com\/index.php?rest_route=\/wp\/v2\/users\/4"}],"replies":[{"embeddable":true,"href":"https:\/\/elportaldorrego.com\/index.php?rest_route=%2Fwp%2Fv2%2Fcomments&post=7971"}],"version-history":[{"count":1,"href":"https:\/\/elportaldorrego.com\/index.php?rest_route=\/wp\/v2\/posts\/7971\/revisions"}],"predecessor-version":[{"id":7975,"href":"https:\/\/elportaldorrego.com\/index.php?rest_route=\/wp\/v2\/posts\/7971\/revisions\/7975"}],"wp:attachment":[{"href":"https:\/\/elportaldorrego.com\/index.php?rest_route=%2Fwp%2Fv2%2Fmedia&parent=7971"}],"wp:term":[{"taxonomy":"category","embeddable":true,"href":"https:\/\/elportaldorrego.com\/index.php?rest_route=%2Fwp%2Fv2%2Fcategories&post=7971"},{"taxonomy":"post_tag","embeddable":true,"href":"https:\/\/elportaldorrego.com\/index.php?rest_route=%2Fwp%2Fv2%2Ftags&post=7971"}],"curies":[{"name":"wp","href":"https:\/\/api.w.org\/{rel}","templated":true}]}}