{"id":8756,"date":"2023-06-22T16:36:02","date_gmt":"2023-06-22T16:36:02","guid":{"rendered":"http:\/\/elportaldorrego.com\/?p=8756"},"modified":"2023-06-22T16:47:01","modified_gmt":"2023-06-22T16:47:01","slug":"asamblea-de-afiliados-u-c-r-de-c-dorrego-juan-carlos-chalde-sera-precandidato-a-intendente","status":"publish","type":"post","link":"https:\/\/elportaldorrego.com\/?p=8756","title":{"rendered":"Asamblea de afiliados U.C.R. de C.Dorrego : Juan Carlos Chalde ser\u00e1 precandidato a Intendente"},"content":{"rendered":"\n<p>En el d\u00eda de ayer, mi\u00e9rcoles 21 de junio, en el Comit\u00e9 Radical de Coronel Dorrego se llev\u00f3 adelante la asamblea de afiliados y adherentes,&nbsp; en la que se&nbsp; ratific\u00f3 la candidatura de Juan Carlos Chalde como precandidato a nuevo intendente del distrito.<\/p>\n\n\n\n<p>En total unidad, el partido centenario llevar\u00e1 una propuesta \u00fanica para las elecciones a desarrollarse en agosto pr\u00f3ximo.<\/p>\n\n\n\n<p>Estuvieron presentes el actual intendente Raul Reyes y el ex-intendente Fabi\u00e1n Zorzano, entre otros dirigentes de larga trayectoria en el partido, apoyando la lista presentada.<\/p>\n\n\n\n<p>Tambi\u00e9n se present\u00f3 a quienes lo acompa\u00f1ar\u00e1n como Concejales y Consejeros Escolares: Casiano Esteban Guti\u00e9rrez encabeza la lista de Concejales, y Gabriela Battista la de Consejeros.<\/p>\n\n\n\n<p><\/p>\n\n\n\n<figure class=\"wp-block-image size-large\"><img decoding=\"async\" src=\"http:\/\/elportaldorrego.com\/wp-content\/uploads\/2023\/06\/IMG-20230622-WA0020-1024x683.jpg\" alt=\"\" class=\"wp-image-8758\" \/><\/figure>\n\n\n\n<figure class=\"wp-block-image size-large\"><img decoding=\"async\" src=\"http:\/\/elportaldorrego.com\/wp-content\/uploads\/2023\/06\/IMG-20230622-WA0018-1024x683.jpg\" alt=\"\" class=\"wp-image-8759\" \/><\/figure>\n\n\n\n<figure class=\"wp-block-image size-large\"><img decoding=\"async\" src=\"http:\/\/elportaldorrego.com\/wp-content\/uploads\/2023\/06\/IMG-20230622-WA0021-1024x683.jpg\" alt=\"\" class=\"wp-image-8760\" \/><\/figure>\n","protected":false},"excerpt":{"rendered":"<p>En el d\u00eda de ayer, mi\u00e9rcoles 21 de junio, en el Comit\u00e9 Radical de Coronel Dorrego se llev\u00f3 adelante la asamblea de afiliados y adherentes,&nbsp; en la que se&nbsp; ratific\u00f3 la candidatura de Juan Carlos Chalde como precandidato a nuevo intendente del distrito. En total unidad, el partido centenario llevar\u00e1 una propuesta \u00fanica para las &hellip;<\/p>\n","protected":false},"author":4,"featured_media":0,"comment_status":"open","ping_status":"open","sticky":false,"template":"","format":"standard","meta":{"footnotes":""},"categories":[69],"tags":[],"class_list":["post-8756","post","type-post","status-publish","format-standard","","category-locales"],"_links":{"self":[{"href":"https:\/\/elportaldorrego.com\/index.php?rest_route=\/wp\/v2\/posts\/8756"}],"collection":[{"href":"https:\/\/elportaldorrego.com\/index.php?rest_route=\/wp\/v2\/posts"}],"about":[{"href":"https:\/\/elportaldorrego.com\/index.php?rest_route=\/wp\/v2\/types\/post"}],"author":[{"embeddable":true,"href":"https:\/\/elportaldorrego.com\/index.php?rest_route=\/wp\/v2\/users\/4"}],"replies":[{"embeddable":true,"href":"https:\/\/elportaldorrego.com\/index.php?rest_route=%2Fwp%2Fv2%2Fcomments&post=8756"}],"version-history":[{"count":2,"href":"https:\/\/elportaldorrego.com\/index.php?rest_route=\/wp\/v2\/posts\/8756\/revisions"}],"predecessor-version":[{"id":8762,"href":"https:\/\/elportaldorrego.com\/index.php?rest_route=\/wp\/v2\/posts\/8756\/revisions\/8762"}],"wp:attachment":[{"href":"https:\/\/elportaldorrego.com\/index.php?rest_route=%2Fwp%2Fv2%2Fmedia&parent=8756"}],"wp:term":[{"taxonomy":"category","embeddable":true,"href":"https:\/\/elportaldorrego.com\/index.php?rest_route=%2Fwp%2Fv2%2Fcategories&post=8756"},{"taxonomy":"post_tag","embeddable":true,"href":"https:\/\/elportaldorrego.com\/index.php?rest_route=%2Fwp%2Fv2%2Ftags&post=8756"}],"curies":[{"name":"wp","href":"https:\/\/api.w.org\/{rel}","templated":true}]}}