{"id":8816,"date":"2023-06-25T00:43:43","date_gmt":"2023-06-25T00:43:43","guid":{"rendered":"http:\/\/elportaldorrego.com\/?p=8816"},"modified":"2023-06-26T14:53:50","modified_gmt":"2023-06-26T14:53:50","slug":"lista-de-juntos-por-el-cambio-en-c-dorrego","status":"publish","type":"post","link":"https:\/\/elportaldorrego.com\/?p=8816","title":{"rendered":"Lista de Juntos Por el Cambio en C.Dorrego"},"content":{"rendered":"\n<p>Juan Carlos Chalde, en compa\u00f1\u00eda de varios dirigentes locales oficializ\u00f3 la lista que competir\u00e1 en las pr\u00f3ximas elecciones en representaci\u00f3n de Juntos Por el Cambio.<\/p>\n\n\n\n<p>Lista oficializada:<\/p>\n\n\n\n<p>Precandidato a intendente &#8211; Juan Carlos Chalde.<\/p>\n\n\n\n<p>Precandidatos a concejales titulares:<\/p>\n\n\n\n<p>1-  Casiano Esteban  Guti\u00e9rrez<\/p>\n\n\n\n<p>2-Romina Rozas<\/p>\n\n\n\n<p>3-Santiago Sola<\/p>\n\n\n\n<p>4-Lucrecia Garc\u00eda (Oriente)<\/p>\n\n\n\n<p>5-Javier P\u00e9rez Balade (PRO)<\/p>\n\n\n\n<p>6- Nora Di Paola (El Perdido)<\/p>\n\n\n\n<p>Precandidatos a Concejales suplentes:<\/p>\n\n\n\n<p>1-Juan Pablo Fuertes<\/p>\n\n\n\n<p>2-Gabriela Vaskoboinik (Oriente)<\/p>\n\n\n\n<p>3-Juan P. Insua (Aparicio)<\/p>\n\n\n\n<p>4-Micaela De Battista<\/p>\n\n\n\n<p>Precandidatos a consejeros escolares Titulares :<\/p>\n\n\n\n<p>1-Gabriela Battista<\/p>\n\n\n\n<p>2-Cristian De Marco<\/p>\n\n\n\n<p>Precandidatos a consejeros escolares suplentes:<\/p>\n\n\n\n<p>1-Luciana Taleb<\/p>\n\n\n\n<p>2-Franco Racciatti<\/p>\n\n\n\n<figure class=\"wp-block-image size-large\"><img decoding=\"async\" src=\"http:\/\/elportaldorrego.com\/wp-content\/uploads\/2023\/06\/IMG-20230622-WA0018-1024x683.jpg\" alt=\"\" class=\"wp-image-8759\" \/><\/figure>\n","protected":false},"excerpt":{"rendered":"<p>Juan Carlos Chalde, en compa\u00f1\u00eda de varios dirigentes locales oficializ\u00f3 la lista que competir\u00e1 en las pr\u00f3ximas elecciones en representaci\u00f3n de Juntos Por el Cambio. Lista oficializada: Precandidato a intendente &#8211; Juan Carlos Chalde. Precandidatos a concejales titulares: 1- Casiano Esteban Guti\u00e9rrez 2-Romina Rozas 3-Santiago Sola 4-Lucrecia Garc\u00eda (Oriente) 5-Javier P\u00e9rez Balade (PRO) 6- Nora &hellip;<\/p>\n","protected":false},"author":4,"featured_media":0,"comment_status":"open","ping_status":"open","sticky":false,"template":"","format":"standard","meta":{"footnotes":""},"categories":[69],"tags":[],"class_list":["post-8816","post","type-post","status-publish","format-standard","","category-locales"],"_links":{"self":[{"href":"https:\/\/elportaldorrego.com\/index.php?rest_route=\/wp\/v2\/posts\/8816"}],"collection":[{"href":"https:\/\/elportaldorrego.com\/index.php?rest_route=\/wp\/v2\/posts"}],"about":[{"href":"https:\/\/elportaldorrego.com\/index.php?rest_route=\/wp\/v2\/types\/post"}],"author":[{"embeddable":true,"href":"https:\/\/elportaldorrego.com\/index.php?rest_route=\/wp\/v2\/users\/4"}],"replies":[{"embeddable":true,"href":"https:\/\/elportaldorrego.com\/index.php?rest_route=%2Fwp%2Fv2%2Fcomments&post=8816"}],"version-history":[{"count":3,"href":"https:\/\/elportaldorrego.com\/index.php?rest_route=\/wp\/v2\/posts\/8816\/revisions"}],"predecessor-version":[{"id":8863,"href":"https:\/\/elportaldorrego.com\/index.php?rest_route=\/wp\/v2\/posts\/8816\/revisions\/8863"}],"wp:attachment":[{"href":"https:\/\/elportaldorrego.com\/index.php?rest_route=%2Fwp%2Fv2%2Fmedia&parent=8816"}],"wp:term":[{"taxonomy":"category","embeddable":true,"href":"https:\/\/elportaldorrego.com\/index.php?rest_route=%2Fwp%2Fv2%2Fcategories&post=8816"},{"taxonomy":"post_tag","embeddable":true,"href":"https:\/\/elportaldorrego.com\/index.php?rest_route=%2Fwp%2Fv2%2Ftags&post=8816"}],"curies":[{"name":"wp","href":"https:\/\/api.w.org\/{rel}","templated":true}]}}