{"id":8827,"date":"2023-06-25T21:59:08","date_gmt":"2023-06-25T21:59:08","guid":{"rendered":"http:\/\/elportaldorrego.com\/?p=8827"},"modified":"2023-06-25T23:12:15","modified_gmt":"2023-06-25T23:12:15","slug":"suteryh-se-quedo-con-la-ventaja-deportiva","status":"publish","type":"post","link":"https:\/\/elportaldorrego.com\/?p=8827","title":{"rendered":"Suteryh se qued\u00f3 con la ventaja deportiva y Porte\u00f1o con el cl\u00e1sico Serrano"},"content":{"rendered":"\n<p>Se jug\u00f3 la 15\u00aa y \u00faltima fecha dela ronda clasificatoria del torneo de f\u00fatbol Uni\u00f3n Regional Diego A. Maradona<\/p>\n\n\n\n<p>Fue libre en la fecha San Mart\u00edn<\/p>\n\n\n\n<p>Resultados :<\/p>\n\n\n\n<figure class=\"wp-block-image size-large\"><img decoding=\"async\" src=\"http:\/\/elportaldorrego.com\/wp-content\/uploads\/2023\/06\/20230625_172008_0004-1024x1024.png\" alt=\"\" class=\"wp-image-8828\" \/><\/figure>\n\n\n\n<figure class=\"wp-block-table\"><table><tbody><tr><td>Suteryh gan\u00f3 y se qued\u00f3 con la ventaja deportiva ( se asegura una final de torneo ) , Alumni clasific\u00f3 y es el \u00fanico club de C.Pringles en lograrlo<br><strong>Escenario del Club Alumni de C. Pringles<\/strong><br>PRIMERA DIVISI\u00d3N<br><strong>Alumni ( 1 )&nbsp; vs&nbsp; Suteryh ( 2 )<\/strong>&nbsp;<\/td><\/tr><tr><td><strong>Goles&nbsp;<\/strong>: Joaqu\u00edn Mart\u00ednez ( 2 ) (S) &#8211; Antonio Morley (A)<\/td><\/tr><tr><td><strong>\u00c1rbitro&nbsp;<\/strong>: Juan Cruz Aispuro<br><strong>Expulsado :&nbsp;<\/strong>Juan Mart\u00ednez Pianetti (S)<\/td><\/tr><tr><td>DIVISI\u00d3N RESERVA<br><strong>Alumni ( 0 )<\/strong><br><strong>Suteryh ( 3 )<\/strong>&nbsp;: Tiziano Gonz\u00e1lez &#8211; Fernando Ceballes ( 2 )<\/td><\/tr><\/tbody><\/table><\/figure>\n\n\n\n<figure class=\"wp-block-image size-large\"><img decoding=\"async\" src=\"http:\/\/elportaldorrego.com\/wp-content\/uploads\/2023\/06\/20230625_172008_0006-1024x1024.png\" alt=\"\" class=\"wp-image-8829\" \/><\/figure>\n\n\n\n<figure class=\"wp-block-table\"><table><tbody><tr><td>El rojo gan\u00f3 y se qued\u00f3 con el N\u00ba 2 , la Villa es el N\u00ba 4<br><strong>Escenario 14 de Septiembre del Club Independiente de C. Dorrego<\/strong><br>PRIMERA DIVISI\u00d3N<br><strong>Independiente (D) ( 3 )&nbsp; vs&nbsp; Villa Rosa ( 1 )<\/strong><\/td><\/tr><tr><td><strong>Goles&nbsp;<\/strong>: Facundo Garc\u00eda (V.R) &#8211; Leandro Fagioli (I.D) &#8211; Manuel Crededio (I.D) &#8211; Tom\u00e1s Garc\u00eda Hollender (I.D)<\/td><\/tr><tr><td><strong>\u00c1rbitro&nbsp;<\/strong>: Daniel Fons<\/td><\/tr><tr><td>DIVISI\u00d3N RESERVA<br><strong>Independiente (D) ( 2 ) :&nbsp;<\/strong>Tom\u00e1s Hollender &#8211; Ivo Van Warde<br><strong>Villa Rosa ( 2 ) :&nbsp;<\/strong>Nicolas N\u00fa\u00f1ez &#8211; Agust\u00edn Echeto<\/td><\/tr><\/tbody><\/table><\/figure>\n\n\n\n<figure class=\"wp-block-image size-large\"><img decoding=\"async\" src=\"http:\/\/elportaldorrego.com\/wp-content\/uploads\/2023\/06\/20230625_172008_0001-1024x1024.png\" alt=\"\" class=\"wp-image-8830\" \/><\/figure>\n\n\n\n<figure class=\"wp-block-table\"><table><tbody><tr><td>Atl\u00e9tico Monte Hermoso gole\u00f3 y se qued\u00f3 con el N\u00ba 3<br><strong>Escenario 15 de Agosto del Club A. Monte Hermoso<\/strong><br>PRIMERA DIVISI\u00d3N<br><strong>A. Monte Hermoso ( 4 )&nbsp; vs&nbsp; Independiente (P) ( 1 )<\/strong><\/td><\/tr><tr><td><strong>Goles&nbsp;<\/strong>: Lucas Seleme (A.M.H) &#8211; Jos\u00e9 Luis Acosta (I.P) &#8211; Juan Romero (A.M.H) &#8211; Giuliano Gonz\u00e1lez (A.M.H) &#8211; Marcelo Leal (A.M.H)<\/td><\/tr><tr><td><strong>\u00c1rbitro&nbsp;<\/strong>: Franco P\u00e1ez<br><strong>Expulsado :&nbsp;<\/strong>Mart\u00edn Poliotti (A.M.H)<\/td><\/tr><tr><td>DIVISI\u00d3N RESERVA<br><strong>A. M. Hermoso ( 5 ) :&nbsp;<\/strong>Mat\u00edas Etchegaray ( 2 ) &#8211; Tom\u00e1s Riquelme &#8211; Lucas Reyes &#8211; Thiago Telgarecz<br><strong>Independiente (P) ( 0 )<\/strong><\/td><\/tr><\/tbody><\/table><\/figure>\n\n\n\n<figure class=\"wp-block-image size-large\"><img decoding=\"async\" src=\"http:\/\/elportaldorrego.com\/wp-content\/uploads\/2023\/06\/20230625_172008_0000-1024x1024.png\" alt=\"\" class=\"wp-image-8831\" \/><\/figure>\n\n\n\n<figure class=\"wp-block-table\"><table><tbody><tr><td>Ferroviario gole\u00f3 y termin\u00f3 5to <br><strong>Escenario del Club LN Alem de C. Pringles<\/strong><br>PRIMERA DIVISI\u00d3N<br><strong>LN Alem&nbsp;( 0 )vs&nbsp;Ferroviario ( 8 )<\/strong><\/td><\/tr><tr><td><strong>Goles :&nbsp;<\/strong>Sergio Lindner ( 3 ) (F) &#8211; Efra\u00edn Estrada (F) &#8211; Francisco De Abajo ( 2 ) (F) &#8211; Bruno Barrionuevo (F) &#8211; Benjam\u00edn Fern\u00e1ndez (F)<\/td><\/tr><tr><td><strong>\u00c1rbitro&nbsp;<\/strong>: Leticia Gim\u00e9nez<\/td><\/tr><tr><td>DIVISI\u00d3N RESERVA<br><strong>LN Alem ( 0 )<\/strong>&nbsp;<br><strong>Ferroviario ( 10 )&nbsp;<\/strong>: Lautaro Larsen ( 3 ) &#8211; Luciano Lagruta ( 2 ) &#8211; Leandro Larrosa &#8211; Sebasti\u00e1n Maidana ( 2 ) &#8211; Mariano Tear &#8211; Gianluca Brunoldi<br><br>El arquero de Ferroviario Santiago Avellaneda contuvo un penal<\/td><\/tr><\/tbody><\/table><\/figure>\n\n\n\n<figure class=\"wp-block-image size-large\"><img decoding=\"async\" src=\"http:\/\/elportaldorrego.com\/wp-content\/uploads\/2023\/06\/20230625_172008_0002-1024x1024.png\" alt=\"\" class=\"wp-image-8832\" \/><\/figure>\n\n\n\n<figure class=\"wp-block-table\"><table><tbody><tr><td>Progreso gole\u00f3 y clasific\u00f3 en el 7\u00ba lugar<br><strong>Escenario Jos\u00e9 Pepe Avello del Club Progreso de El Perdido<\/strong><br>PRIMERA DIVISI\u00d3N<br><strong>Progreso ( 4 )&nbsp; vs&nbsp; Divisorio ( 0 )<\/strong><\/td><\/tr><tr><td><strong>Goles&nbsp;<\/strong>: Uriel Farias ( 2 ) (P) &#8211; Facundo Arana (P) &#8211; Andr\u00e9s Ferrarello (P)<\/td><\/tr><tr><td><strong>\u00c1rbitro&nbsp;<\/strong>: Daniel M\u00e9ndez<br><strong>Expulsado :&nbsp;<\/strong>Fernando Acosta (D)<\/td><\/tr><tr><td>DIVISI\u00d3N RESERVA<br><strong>Progreso ( 1 ) :&nbsp;<\/strong>Juan Cruz Iriarte<br><strong>Divisorio ( 0 )<\/strong><\/td><\/tr><\/tbody><\/table><\/figure>\n\n\n\n<figure class=\"wp-block-image size-large\"><img decoding=\"async\" src=\"http:\/\/elportaldorrego.com\/wp-content\/uploads\/2023\/06\/20230625_172008_0003-1024x1024.png\" alt=\"\" class=\"wp-image-8834\" \/><\/figure>\n\n\n\n<figure class=\"wp-block-table\"><table><tbody><tr><td>Porte\u00f1o se qued\u00f3 con el  cl\u00e1sico serrano<br><strong>Escenario Vicente Constantino<\/strong>\u00a0<strong>del Porte\u00f1o de Saldungaray<\/strong><br>PRIMERA DIVISI\u00d3N<br><strong>Porte\u00f1o ( 2 )\u00a0\u00a0vs\u00a0 A. Ventana ( 1 )<\/strong><\/td><\/tr><tr><td><strong>Goles :\u00a0<\/strong>Nicolas Restivo ( P ) (P) &#8211; Mat\u00edas Juan  (A.V) ( P ) &#8211; Renzo Fern\u00e1ndez (P)<\/td><\/tr><tr><td><strong>\u00c1rbitro\u00a0<\/strong>: Adri\u00e1n Paniagua<\/td><\/tr><tr><td>DIVISI\u00d3N RESERVA<br><strong>Porte\u00f1o ( 1 ) :\u00a0<\/strong>Valent\u00edn Morales ( P )<br><strong>A. Ventana ( 2 ) :<\/strong> Tom\u00e1s Tartuferri &#8211; Ezequiel Aceituno ( P )<br><strong>Expulsados :\u00a0<\/strong>Mat\u00edas Romero ( P )  &#8211; Dami\u00e1n Rupayan ( P )<\/td><\/tr><\/tbody><\/table><\/figure>\n\n\n\n<figure class=\"wp-block-image size-large\"><img decoding=\"async\" src=\"http:\/\/elportaldorrego.com\/wp-content\/uploads\/2023\/06\/20230625_172008_0005-1024x1024.png\" alt=\"\" class=\"wp-image-8836\" \/><\/figure>\n\n\n\n<figure class=\"wp-block-table\"><table><tbody><tr><td>Gole\u00f3 Almaceneros<br><strong>Escenario del Club Almaceneros de C. Pringles<\/strong><br>PRIMERA DIVISI\u00d3N<br><strong>Almaceneros ( 6 )<\/strong>\u00a0<strong>\u00a0vs\u00a0 C. De Pelota ( 0 )<\/strong><\/td><\/tr><tr><td><strong>Goles :\u00a0<\/strong>Mat\u00edas Ortelli ( 4 ) ( A ) &#8212; Emanuel Duhau ( A ) &#8212; Cristian Suarez ( A )<\/td><\/tr><tr><td><strong>\u00c1rbitro\u00a0<\/strong>: Pablo D\u00edaz<\/td><\/tr><tr><td>DIVISI\u00d3N RESERVA<br><strong>Almaceneros ( 3 )<\/strong>\u00a0: Benjam\u00edn Madero &#8211; Facundo Acosta &#8211; Ayrton Manesia<br><strong>C. De Pelota ( 1 ) :\u00a0<\/strong>Sim\u00f3n \u00c1lvarez<\/td><\/tr><\/tbody><\/table><\/figure>\n\n\n\n<figure class=\"wp-block-image size-large\"><img decoding=\"async\" src=\"http:\/\/elportaldorrego.com\/wp-content\/uploads\/2023\/06\/nueva-p-1024x1024.jpg\" alt=\"\" class=\"wp-image-8841\" \/><\/figure>\n\n\n\n<figure class=\"wp-block-image size-large\"><img decoding=\"async\" src=\"http:\/\/elportaldorrego.com\/wp-content\/uploads\/2023\/06\/nueva-1024x1024.jpg\" alt=\"\" class=\"wp-image-8840\" \/><\/figure>\n\n\n\n<p>Campe\u00f3n Independiente C. Pringles<\/p>\n\n\n\n<p>Sub campe\u00f3n Almaceneros<\/p>\n\n\n\n<figure class=\"wp-block-image size-large\"><img decoding=\"async\" src=\"http:\/\/elportaldorrego.com\/wp-content\/uploads\/2023\/06\/3_20230625_174214_0002-1024x1024.png\" alt=\"\" class=\"wp-image-8837\" \/><\/figure>\n","protected":false},"excerpt":{"rendered":"<p>Se jug\u00f3 la 15\u00aa y \u00faltima fecha dela ronda clasificatoria del torneo de f\u00fatbol Uni\u00f3n Regional Diego A. Maradona Fue libre en la fecha San Mart\u00edn Resultados : Suteryh gan\u00f3 y se qued\u00f3 con la ventaja deportiva ( se asegura una final de torneo ) , Alumni clasific\u00f3 y es el \u00fanico club de C.Pringles &hellip;<\/p>\n","protected":false},"author":4,"featured_media":0,"comment_status":"open","ping_status":"open","sticky":false,"template":"","format":"standard","meta":{"footnotes":""},"categories":[73],"tags":[],"class_list":["post-8827","post","type-post","status-publish","format-standard","","category-deportes"],"_links":{"self":[{"href":"https:\/\/elportaldorrego.com\/index.php?rest_route=\/wp\/v2\/posts\/8827"}],"collection":[{"href":"https:\/\/elportaldorrego.com\/index.php?rest_route=\/wp\/v2\/posts"}],"about":[{"href":"https:\/\/elportaldorrego.com\/index.php?rest_route=\/wp\/v2\/types\/post"}],"author":[{"embeddable":true,"href":"https:\/\/elportaldorrego.com\/index.php?rest_route=\/wp\/v2\/users\/4"}],"replies":[{"embeddable":true,"href":"https:\/\/elportaldorrego.com\/index.php?rest_route=%2Fwp%2Fv2%2Fcomments&post=8827"}],"version-history":[{"count":2,"href":"https:\/\/elportaldorrego.com\/index.php?rest_route=\/wp\/v2\/posts\/8827\/revisions"}],"predecessor-version":[{"id":8842,"href":"https:\/\/elportaldorrego.com\/index.php?rest_route=\/wp\/v2\/posts\/8827\/revisions\/8842"}],"wp:attachment":[{"href":"https:\/\/elportaldorrego.com\/index.php?rest_route=%2Fwp%2Fv2%2Fmedia&parent=8827"}],"wp:term":[{"taxonomy":"category","embeddable":true,"href":"https:\/\/elportaldorrego.com\/index.php?rest_route=%2Fwp%2Fv2%2Fcategories&post=8827"},{"taxonomy":"post_tag","embeddable":true,"href":"https:\/\/elportaldorrego.com\/index.php?rest_route=%2Fwp%2Fv2%2Ftags&post=8827"}],"curies":[{"name":"wp","href":"https:\/\/api.w.org\/{rel}","templated":true}]}}