{"id":8846,"date":"2023-06-26T11:45:12","date_gmt":"2023-06-26T11:45:12","guid":{"rendered":"http:\/\/elportaldorrego.com\/?p=8846"},"modified":"2023-06-26T11:45:14","modified_gmt":"2023-06-26T11:45:14","slug":"deportes-municipal","status":"publish","type":"post","link":"https:\/\/elportaldorrego.com\/?p=8846","title":{"rendered":"Deportes Municipal"},"content":{"rendered":"\n<p><\/p>\n\n\n\n<p><strong>&nbsp;&nbsp;&nbsp;&nbsp;&nbsp;&nbsp;&nbsp;&nbsp;&nbsp;&nbsp;&nbsp; Newcom<\/strong><\/p>\n\n\n\n<p>\u00a0\u00a0\u00a0\u00a0\u00a0\u00a0\u00a0\u00a0\u00a0\u00a0\u00a0 Deportes de la comuna inform\u00f3 que el pasado s\u00e1bado se llev\u00f3 a cabo en Sierra de la Ventana la tercera fecha de la Liga Zona Sur de Newcom. \u00a0El equipo de\u00a0 la Escuela Municipal de Coronel Dorrego le gan\u00f3  a Cardales B y Carhu\u00e9 en tanto\u00a0 perdi\u00f3 con Sierra de la Ventana y Laprida.<\/p>\n\n\n\n<p>\u00a0\u00a0\u00a0\u00a0\u00a0\u00a0\u00a0\u00a0\u00a0\u00a0\u00a0 La categor\u00eda fue + 50 competitivo.<\/p>\n\n\n\n<figure class=\"wp-block-image size-full\"><img decoding=\"async\" src=\"http:\/\/elportaldorrego.com\/wp-content\/uploads\/2023\/06\/image003-1.jpg\" alt=\"\" class=\"wp-image-8848\" \/><\/figure>\n\n\n\n<figure class=\"wp-block-image size-full\"><img decoding=\"async\" src=\"http:\/\/elportaldorrego.com\/wp-content\/uploads\/2023\/06\/image004-1.jpg\" alt=\"\" class=\"wp-image-8847\" \/><\/figure>\n\n\n\n<p><strong>Baile<\/strong><\/p>\n\n\n\n<p><strong>\u00a0\u00a0\u00a0\u00a0\u00a0\u00a0\u00a0\u00a0\u00a0\u00a0\u00a0\u00a0<\/strong>Soledad Acosta, subdirectora de Deportes de la comuna inform\u00f3 que \u00faltimo s\u00e1bado en el Polideportivo Municipal se realiz\u00f3 una jornada de baile con motivo de la celebraci\u00f3n de los festejos del mes aniversario del Polideportivo.<\/p>\n\n\n\n<figure class=\"wp-block-image size-full\"><img decoding=\"async\" src=\"http:\/\/elportaldorrego.com\/wp-content\/uploads\/2023\/06\/image006-1.jpg\" alt=\"\" class=\"wp-image-8849\" \/><\/figure>\n\n\n\n<p>Info y fotos : Prensa Municipalidad de C.Dorrego <\/p>\n","protected":false},"excerpt":{"rendered":"<p>&nbsp;&nbsp;&nbsp;&nbsp;&nbsp;&nbsp;&nbsp;&nbsp;&nbsp;&nbsp;&nbsp; Newcom \u00a0\u00a0\u00a0\u00a0\u00a0\u00a0\u00a0\u00a0\u00a0\u00a0\u00a0 Deportes de la comuna inform\u00f3 que el pasado s\u00e1bado se llev\u00f3 a cabo en Sierra de la Ventana la tercera fecha de la Liga Zona Sur de Newcom. \u00a0El equipo de\u00a0 la Escuela Municipal de Coronel Dorrego le gan\u00f3 a Cardales B y Carhu\u00e9 en tanto\u00a0 perdi\u00f3 con Sierra de la Ventana &hellip;<\/p>\n","protected":false},"author":4,"featured_media":0,"comment_status":"open","ping_status":"open","sticky":false,"template":"","format":"standard","meta":{"footnotes":""},"categories":[73],"tags":[],"class_list":["post-8846","post","type-post","status-publish","format-standard","","category-deportes"],"_links":{"self":[{"href":"https:\/\/elportaldorrego.com\/index.php?rest_route=\/wp\/v2\/posts\/8846"}],"collection":[{"href":"https:\/\/elportaldorrego.com\/index.php?rest_route=\/wp\/v2\/posts"}],"about":[{"href":"https:\/\/elportaldorrego.com\/index.php?rest_route=\/wp\/v2\/types\/post"}],"author":[{"embeddable":true,"href":"https:\/\/elportaldorrego.com\/index.php?rest_route=\/wp\/v2\/users\/4"}],"replies":[{"embeddable":true,"href":"https:\/\/elportaldorrego.com\/index.php?rest_route=%2Fwp%2Fv2%2Fcomments&post=8846"}],"version-history":[{"count":1,"href":"https:\/\/elportaldorrego.com\/index.php?rest_route=\/wp\/v2\/posts\/8846\/revisions"}],"predecessor-version":[{"id":8850,"href":"https:\/\/elportaldorrego.com\/index.php?rest_route=\/wp\/v2\/posts\/8846\/revisions\/8850"}],"wp:attachment":[{"href":"https:\/\/elportaldorrego.com\/index.php?rest_route=%2Fwp%2Fv2%2Fmedia&parent=8846"}],"wp:term":[{"taxonomy":"category","embeddable":true,"href":"https:\/\/elportaldorrego.com\/index.php?rest_route=%2Fwp%2Fv2%2Fcategories&post=8846"},{"taxonomy":"post_tag","embeddable":true,"href":"https:\/\/elportaldorrego.com\/index.php?rest_route=%2Fwp%2Fv2%2Ftags&post=8846"}],"curies":[{"name":"wp","href":"https:\/\/api.w.org\/{rel}","templated":true}]}}