{"id":8861,"date":"2023-06-26T14:52:47","date_gmt":"2023-06-26T14:52:47","guid":{"rendered":"http:\/\/elportaldorrego.com\/?p=8861"},"modified":"2023-06-26T14:52:49","modified_gmt":"2023-06-26T14:52:49","slug":"se-declara-de-interes-municipal-la-realizacion-de-la-feria-regional-de-educacion-arte-ciencias-y-tecnologia-2023","status":"publish","type":"post","link":"https:\/\/elportaldorrego.com\/?p=8861","title":{"rendered":"Se declara de Inter\u00e9s Municipal la realizaci\u00f3n de la Feria Regional de  Educaci\u00f3n, Arte, Ciencias y Tecnolog\u00eda 2023"},"content":{"rendered":"\n<p><strong>VISTO<\/strong>:<\/p>\n\n\n\n<p>&nbsp;&nbsp;&nbsp;&nbsp;&nbsp;&nbsp;&nbsp;&nbsp;&nbsp;&nbsp;&nbsp;&nbsp; La nota elevada a este Honorable Concejo Deliberante por parte de la Inspectora Jefe Distrital \u2013 Regi\u00f3n 21, Sra. Mar\u00eda Eugenia de Dios; y<\/p>\n\n\n\n<p><strong>CONSIDERANDO<\/strong>:<\/p>\n\n\n\n<p>Que a trav\u00e9s de la misma, se informa sobre la realizaci\u00f3n de la Feria Regional de Educaci\u00f3n, Arte, Ciencias y Tecnolog\u00eda 2023 (Regi\u00f3n 21).<\/p>\n\n\n\n<p>Que la Feria tiene por objetivo fomentar el esp\u00edritu cr\u00edtico y la curiosidad en ni\u00f1as, ni\u00f1os, j\u00f3venes, docentes y en la comunidad en general; y desarrollar habilidades de comunicaci\u00f3n en las y los estudiantes a trav\u00e9s de la exposici\u00f3n de sus producciones cient\u00edficas, art\u00edsticas o tecnol\u00f3gicas.<\/p>\n\n\n\n<p>Que la misma se llevar\u00e1 a cabo el d\u00eda 5 de julio del corriente en las instalaciones de la Escuela de Educaci\u00f3n Secundaria N\u00ba 2, de la ciudad cabecera.<\/p>\n\n\n\n<p>Que los proyectos que se exponen en esta edici\u00f3n son el resultado de la suma de esfuerzos y voluntades mancomunadas entre diversos actores que forman parte de los distintos niveles y modalidades del sistema educativo, de quienes integran la regi\u00f3n comprendida por Coronel Dorrego, Coronel Pringles, Laprida, Tres Arroyos, Adolfo Gonz\u00e1lez Chaves y Benito Ju\u00e1rez.<\/p>\n\n\n\n<p>Que en esta instancia participan 148 trabajos elaborados por distintos niveles y modalidades de ense\u00f1anza.<\/p>\n\n\n\n<p>Que en la jornada se evaluar\u00e1n los Proyectos para determinar las plazas a la instancia provincial.<\/p>\n\n\n\n<p>Que lo normado en Ordenanza N\u00ba 3210\/12 permite la Declaraci\u00f3n de Inter\u00e9s Municipal del evento que nos ocupa.<\/p>\n\n\n\n<p><strong>POR TODO ELLO, <\/strong>el<strong> HONORABLE CONCEJO DELIBERANTE, <\/strong>en uso de facultades que le son propias, dicta la siguiente:<\/p>\n\n\n\n<p><strong><u>ORDENANZA<\/u><\/strong><\/p>\n\n\n\n<p><strong><u>ART\u00cdCULO 1\u00ba)<\/u><\/strong> Decl\u00e1rase de Inter\u00e9s Municipal la realizaci\u00f3n de la Feria Regional de  Educaci\u00f3n, Arte, Ciencias y Tecnolog\u00eda 2023, a realizarse el d\u00eda 5 de julio de 2023 en nuestra ciudad.-<\/p>\n\n\n\n<p><strong><u>ART\u00cdCULO 2\u00ba)<\/u><\/strong> Comun\u00edquese al Departamento Ejecutivo, dem\u00e1s que corresponda, d\u00e9se al  Registro Oficial y oportunamente, arch\u00edvese.-<\/p>\n","protected":false},"excerpt":{"rendered":"<p>VISTO: &nbsp;&nbsp;&nbsp;&nbsp;&nbsp;&nbsp;&nbsp;&nbsp;&nbsp;&nbsp;&nbsp;&nbsp; La nota elevada a este Honorable Concejo Deliberante por parte de la Inspectora Jefe Distrital \u2013 Regi\u00f3n 21, Sra. Mar\u00eda Eugenia de Dios; y CONSIDERANDO: Que a trav\u00e9s de la misma, se informa sobre la realizaci\u00f3n de la Feria Regional de Educaci\u00f3n, Arte, Ciencias y Tecnolog\u00eda 2023 (Regi\u00f3n 21). Que la Feria tiene &hellip;<\/p>\n","protected":false},"author":4,"featured_media":1681,"comment_status":"open","ping_status":"open","sticky":false,"template":"","format":"standard","meta":{"footnotes":""},"categories":[69],"tags":[],"class_list":["post-8861","post","type-post","status-publish","format-standard","has-post-thumbnail","","category-locales"],"_links":{"self":[{"href":"https:\/\/elportaldorrego.com\/index.php?rest_route=\/wp\/v2\/posts\/8861"}],"collection":[{"href":"https:\/\/elportaldorrego.com\/index.php?rest_route=\/wp\/v2\/posts"}],"about":[{"href":"https:\/\/elportaldorrego.com\/index.php?rest_route=\/wp\/v2\/types\/post"}],"author":[{"embeddable":true,"href":"https:\/\/elportaldorrego.com\/index.php?rest_route=\/wp\/v2\/users\/4"}],"replies":[{"embeddable":true,"href":"https:\/\/elportaldorrego.com\/index.php?rest_route=%2Fwp%2Fv2%2Fcomments&post=8861"}],"version-history":[{"count":1,"href":"https:\/\/elportaldorrego.com\/index.php?rest_route=\/wp\/v2\/posts\/8861\/revisions"}],"predecessor-version":[{"id":8862,"href":"https:\/\/elportaldorrego.com\/index.php?rest_route=\/wp\/v2\/posts\/8861\/revisions\/8862"}],"wp:featuredmedia":[{"embeddable":true,"href":"https:\/\/elportaldorrego.com\/index.php?rest_route=\/wp\/v2\/media\/1681"}],"wp:attachment":[{"href":"https:\/\/elportaldorrego.com\/index.php?rest_route=%2Fwp%2Fv2%2Fmedia&parent=8861"}],"wp:term":[{"taxonomy":"category","embeddable":true,"href":"https:\/\/elportaldorrego.com\/index.php?rest_route=%2Fwp%2Fv2%2Fcategories&post=8861"},{"taxonomy":"post_tag","embeddable":true,"href":"https:\/\/elportaldorrego.com\/index.php?rest_route=%2Fwp%2Fv2%2Ftags&post=8861"}],"curies":[{"name":"wp","href":"https:\/\/api.w.org\/{rel}","templated":true}]}}