{"id":9002,"date":"2023-07-04T21:15:29","date_gmt":"2023-07-04T21:15:29","guid":{"rendered":"http:\/\/elportaldorrego.com\/?p=9002"},"modified":"2023-07-04T21:25:42","modified_gmt":"2023-07-04T21:25:42","slug":"ciclismo-siguen-los-buenos-resultados-para-el-dorreguense-matias-cabral-3","status":"publish","type":"post","link":"https:\/\/elportaldorrego.com\/?p=9002","title":{"rendered":"Ciclismo : siguen los buenos resultados para el Dorreguense Mat\u00edas Cabral"},"content":{"rendered":"\n<p>El s\u00e1bado 01\/07 se disput\u00f3 en Bah\u00eda Blanca la segunda  fecha del campeonato invernal de MTB donde el joven Matias Cabral (16a\u00f1os) dijo presente, compitiendo en la categor\u00eda \u00e9lite logrando obtener el 4\u00b0 puesto en la general<\/p>\n\n\n\n<p>Info : gentileza familia Cabral <\/p>\n\n\n\n<figure class=\"wp-block-image size-large\"><img decoding=\"async\" src=\"http:\/\/elportaldorrego.com\/wp-content\/uploads\/2023\/07\/IMG-20230704-WA0000-1024x752.jpg\" alt=\"\" class=\"wp-image-9003\" \/><\/figure>\n\n\n\n<figure class=\"wp-block-image size-full is-resized\"><img loading=\"lazy\" decoding=\"async\" src=\"http:\/\/elportaldorrego.com\/wp-content\/uploads\/2023\/07\/IMG-20230704-WA0001.jpg\" alt=\"\" class=\"wp-image-9004\" width=\"362\" height=\"704\" \/><\/figure>\n","protected":false},"excerpt":{"rendered":"<p>El s\u00e1bado 01\/07 se disput\u00f3 en Bah\u00eda Blanca la segunda fecha del campeonato invernal de MTB donde el joven Matias Cabral (16a\u00f1os) dijo presente, compitiendo en la categor\u00eda \u00e9lite logrando obtener el 4\u00b0 puesto en la general Info : gentileza familia Cabral<\/p>\n","protected":false},"author":4,"featured_media":0,"comment_status":"open","ping_status":"open","sticky":false,"template":"","format":"standard","meta":{"footnotes":""},"categories":[73],"tags":[],"class_list":["post-9002","post","type-post","status-publish","format-standard","","category-deportes"],"_links":{"self":[{"href":"https:\/\/elportaldorrego.com\/index.php?rest_route=\/wp\/v2\/posts\/9002"}],"collection":[{"href":"https:\/\/elportaldorrego.com\/index.php?rest_route=\/wp\/v2\/posts"}],"about":[{"href":"https:\/\/elportaldorrego.com\/index.php?rest_route=\/wp\/v2\/types\/post"}],"author":[{"embeddable":true,"href":"https:\/\/elportaldorrego.com\/index.php?rest_route=\/wp\/v2\/users\/4"}],"replies":[{"embeddable":true,"href":"https:\/\/elportaldorrego.com\/index.php?rest_route=%2Fwp%2Fv2%2Fcomments&post=9002"}],"version-history":[{"count":2,"href":"https:\/\/elportaldorrego.com\/index.php?rest_route=\/wp\/v2\/posts\/9002\/revisions"}],"predecessor-version":[{"id":9006,"href":"https:\/\/elportaldorrego.com\/index.php?rest_route=\/wp\/v2\/posts\/9002\/revisions\/9006"}],"wp:attachment":[{"href":"https:\/\/elportaldorrego.com\/index.php?rest_route=%2Fwp%2Fv2%2Fmedia&parent=9002"}],"wp:term":[{"taxonomy":"category","embeddable":true,"href":"https:\/\/elportaldorrego.com\/index.php?rest_route=%2Fwp%2Fv2%2Fcategories&post=9002"},{"taxonomy":"post_tag","embeddable":true,"href":"https:\/\/elportaldorrego.com\/index.php?rest_route=%2Fwp%2Fv2%2Ftags&post=9002"}],"curies":[{"name":"wp","href":"https:\/\/api.w.org\/{rel}","templated":true}]}}