{"id":9061,"date":"2023-07-07T12:26:21","date_gmt":"2023-07-07T12:26:21","guid":{"rendered":"http:\/\/elportaldorrego.com\/?p=9061"},"modified":"2023-07-07T12:26:22","modified_gmt":"2023-07-07T12:26:22","slug":"proyecto-participativo-barrial-y-si-volvemos-a-la-plaza","status":"publish","type":"post","link":"https:\/\/elportaldorrego.com\/?p=9061","title":{"rendered":"Proyecto Participativo barrial \u00bfY si volvemos a la plaza?"},"content":{"rendered":"\n<p><\/p>\n\n\n\n<p>\u00a0\u00a0\u00a0\u00a0\u00a0\u00a0\u00a0\u00a0\u00a0\u00a0\u00a0 En el marco de iniciativas planificadas bajo el Proyecto Participativo Barrial mediante el trabajo articulado de la Escuela N\u00ba21, la Casa Materno Infantil Municipal Rayitos y el Jard\u00edn de Infantes N\u00ba904, se inform\u00f3 que el venidero martes 11 de julio a las 10 se llevar\u00e1 a cabo la segunda instancia de elecciones con la intenci\u00f3n de buscar un nombre para el espacio verde en el cual se est\u00e1n realizando tareas de reacondicionamiento para un uso significativo de los diferentes grupos et\u00e1reos del Barrio Municipal 2 y de la comunidad en general. \u00a0De este modo, como en anteriores oportunidades, se invit\u00f3 a los vecinos del barrio a acercarse a Rayitos para compartir del momento del escrutinio y certificar el nombre elegido por la mayor\u00eda de los ni\u00f1os.<\/p>\n\n\n\n<p>Info  : Prensa municipalidad de C.Dorrego <\/p>\n","protected":false},"excerpt":{"rendered":"<p>\u00a0\u00a0\u00a0\u00a0\u00a0\u00a0\u00a0\u00a0\u00a0\u00a0\u00a0 En el marco de iniciativas planificadas bajo el Proyecto Participativo Barrial mediante el trabajo articulado de la Escuela N\u00ba21, la Casa Materno Infantil Municipal Rayitos y el Jard\u00edn de Infantes N\u00ba904, se inform\u00f3 que el venidero martes 11 de julio a las 10 se llevar\u00e1 a cabo la segunda instancia de elecciones con la &hellip;<\/p>\n","protected":false},"author":4,"featured_media":0,"comment_status":"open","ping_status":"open","sticky":false,"template":"","format":"standard","meta":{"footnotes":""},"categories":[69,67],"tags":[],"class_list":["post-9061","post","type-post","status-publish","format-standard","","category-locales","category-tecnologia"],"_links":{"self":[{"href":"https:\/\/elportaldorrego.com\/index.php?rest_route=\/wp\/v2\/posts\/9061"}],"collection":[{"href":"https:\/\/elportaldorrego.com\/index.php?rest_route=\/wp\/v2\/posts"}],"about":[{"href":"https:\/\/elportaldorrego.com\/index.php?rest_route=\/wp\/v2\/types\/post"}],"author":[{"embeddable":true,"href":"https:\/\/elportaldorrego.com\/index.php?rest_route=\/wp\/v2\/users\/4"}],"replies":[{"embeddable":true,"href":"https:\/\/elportaldorrego.com\/index.php?rest_route=%2Fwp%2Fv2%2Fcomments&post=9061"}],"version-history":[{"count":1,"href":"https:\/\/elportaldorrego.com\/index.php?rest_route=\/wp\/v2\/posts\/9061\/revisions"}],"predecessor-version":[{"id":9063,"href":"https:\/\/elportaldorrego.com\/index.php?rest_route=\/wp\/v2\/posts\/9061\/revisions\/9063"}],"wp:attachment":[{"href":"https:\/\/elportaldorrego.com\/index.php?rest_route=%2Fwp%2Fv2%2Fmedia&parent=9061"}],"wp:term":[{"taxonomy":"category","embeddable":true,"href":"https:\/\/elportaldorrego.com\/index.php?rest_route=%2Fwp%2Fv2%2Fcategories&post=9061"},{"taxonomy":"post_tag","embeddable":true,"href":"https:\/\/elportaldorrego.com\/index.php?rest_route=%2Fwp%2Fv2%2Ftags&post=9061"}],"curies":[{"name":"wp","href":"https:\/\/api.w.org\/{rel}","templated":true}]}}