{"id":9916,"date":"2023-08-27T22:52:29","date_gmt":"2023-08-27T22:52:29","guid":{"rendered":"http:\/\/elportaldorrego.com\/?p=9916"},"modified":"2023-08-27T23:48:39","modified_gmt":"2023-08-27T23:48:39","slug":"se-jugo-la-cuarta-fecha-en-el-futbol-local","status":"publish","type":"post","link":"https:\/\/elportaldorrego.com\/?p=9916","title":{"rendered":"Se jug\u00f3 la cuarta fecha en el f\u00fatbol local"},"content":{"rendered":"\n<p>Se jug\u00f3 la 4 \u00b0fecha del torneo oficial ( Apertura ) Centenario Club A. Independiente<\/p>\n\n\n\n<p>Fue libre Ferroviario <\/p>\n\n\n\n<p>Resultados<\/p>\n\n\n\n<figure class=\"wp-block-image size-large\"><img decoding=\"async\" src=\"http:\/\/elportaldorrego.com\/wp-content\/uploads\/2023\/08\/1000040671-1024x1024.jpg\" alt=\"\" class=\"wp-image-9917\" \/><\/figure>\n\n\n\n<figure class=\"wp-block-table\"><table><tbody><tr><td><strong>4\u00b0 Fecha<br>Escenario 15 de Agosto del Club Atl\u00e9tico Monte Hermoso<br>PRIMERA DIVISI\u00d3N<\/strong><\/td><\/tr><tr><td><strong>A. Monte Hermoso ( 4 ) &nbsp;vs &nbsp;Uni\u00f3n Pehuen Co ( 1 )<\/strong><\/td><\/tr><tr><td><strong>Goles : <\/strong>2&#8242; Mat\u00edas Campos (U.P.C) &#8211; 5&#8242; , 20&#8242; y 81&#8242; Juan Peralta  (A.M.H)  &#8212; 85&#8242; Pedro Sagasti (A.M.H)<\/td><\/tr><tr><td><strong>\u00c1rbitro&nbsp;:<\/strong> Carlos Bustamante<\/td><\/tr><tr><td><strong>Formaciones Primera <\/strong><br><strong>A.M.HERMOSO<\/strong><br>1 &#8211; Ricardo Gutierrez<br>2 &#8211; Bruno Carrera<br>3 &#8211; Agustin Rojas<br>4 &#8211; Tomas Espinosa<br>5 &#8211; Damian Fernandez<br>6 &#8211; Matias Lencinas <br>7 &#8211; Matias Lenzina<br>8 &#8211; Edgar Scalco<br>9 &#8211; Juan Peralta ( Pedro Sagasti )<br>10 &#8211; Tomas Pino ( Matias Etchegaray )<br>11 &#8211; Juan Bufalini ( Matias Alonso )<br>D.T. : Ariel Campistegui<br><br><strong>UNION PEHUEN CO<\/strong> <br>1 &#8211; Emanuel Escudero<br>2 &#8211; Mauro Ulvedal<br>3 &#8211; Leonel Gomez<br>4 &#8211; Andres Irure<br>5 &#8211; Emiliano Derieux<br>6 &#8211; Juan Pablo Tamame ( Sebastian Irure )<br>7 &#8211; Mat\u00edas De Dios<br>8 &#8211; Carlos Rodriguez ( Luciano Guerrero )<br>9 &#8211; Diego Martinez<br>10 &#8211; Mat\u00edas Campos<br>11- Fernando Moreno<br>D.T.: Alfredo Oviedo<\/td><\/tr><tr><td><strong>DIVISI\u00d3N RESERVA<\/strong><br><strong>A. Monte Hermoso ( 6 ) :<\/strong> Thiago Telgarecz ( 2 ) &#8211; Tom\u00e1s Riquelme ( 2 ) &#8211; Juan Navarrete &#8211; Ulises Sueldo<br><strong>Uni\u00f3n Pehuen Co ( 0 )<\/strong><\/td><\/tr><\/tbody><\/table><\/figure>\n\n\n\n<figure class=\"wp-block-image size-large\"><img decoding=\"async\" src=\"http:\/\/elportaldorrego.com\/wp-content\/uploads\/2023\/08\/1000040674-1024x1024.jpg\" alt=\"\" class=\"wp-image-9918\" \/><\/figure>\n\n\n\n<figure class=\"wp-block-table\"><table><tbody><tr><td><strong>Escenario Jos\u00e9 Pepe Avello del Club Progreso de El Perdido<br>PRIMERA DIVISI\u00d3N<\/strong><\/td><\/tr><tr><td><strong>Progreso ( 0 ) &nbsp;vs &nbsp;Independiente ( 1 )<\/strong><\/td><\/tr><tr><td><strong>Gol :<\/strong> Ramiro Gerk ( I )<\/td><\/tr><tr><td><strong>\u00c1rbitro&nbsp;:<\/strong> Gabriel Spinella<br><strong>Expulsado :<\/strong> Lisandro D&#8217;addario ( I )<\/td><\/tr><tr><td><strong>Formaciones Primera <\/strong><br><br>PROGRESO :<br>1 &#8211; Joaquin Miranda<br>2 &#8211; I\u00f1aki Arbeloa<br>3 &#8211; Nahuel Albizu ( Samuel Banegas )<br>4 &#8211; Pablo C\u00e1ceres<br>5 &#8211; Jes\u00fas Godoy  ( Cristian Blanco )<br>6 &#8211; Franco Amestoy<br>7 &#8211; Facundo Arana<br>8 &#8211; Mateo Mussini<br>9 &#8211; Federico Mellado<br>10 &#8211; Bruno Gaitan<br>11 &#8211; Uriel Farias<br>DT : Leandro Onorato<br><br><br>INDEPENDIENTE :<br>1 &#8211; Leandro Estebanez<br>2 &#8211; Pablo Gette<br>3 &#8211; Manuel Crededio<br>4 &#8211; Lisandro D&#8217;addario ( Expulsado ) <br>5 &#8211; Ian Sarti<br>6 &#8211; Maximiliano Gette<br>7 &#8211; Nicolas La Petra  ( Leandro Fagioli )<br>8 &#8211; Leandro Etzel<br>9 &#8211; Ramiro Gerk<br>10 &#8211; Facundo Schmidt  ( Bruno Sanchez )<br>11 &#8211; Valentin Aversano<br>DT : Leandro Iribarren<\/td><\/tr><tr><td><strong>DIVISI\u00d3N RESERVA<br>Progreso ( 1 ) :<\/strong> Franco Maclen<br><strong>Independiente ( 2 ) : <\/strong>Tom\u00e1s Hollender  &#8211; Agust\u00edn Biragnet<\/td><\/tr><\/tbody><\/table><\/figure>\n\n\n\n<figure class=\"wp-block-image size-large\"><img decoding=\"async\" src=\"http:\/\/elportaldorrego.com\/wp-content\/uploads\/2023\/08\/1000040685-1024x1024.jpg\" alt=\"\" class=\"wp-image-9920\" \/><\/figure>\n\n\n\n<figure class=\"wp-block-table\"><table><tbody><tr><td><strong>Escenario Ogue Natalio Madariaga del Club Villa Rosa<br>PRIMERA DIVISI\u00d3N<\/strong><\/td><\/tr><tr><td><strong>Villa Rosa ( 6 ) &nbsp;vs &nbsp;Suteryh ( 1 )<\/strong><\/td><\/tr><tr><td><strong>Goles : <\/strong>7&#8242; y 13&#8242; Mat\u00edas Izzi  (V.R) &#8211; 24&#8242; Juan Pablo Schefer (V.R) &#8211; 25&#8242; y 43 &#8216; Joaquin Maiques ( 1 de Penal ) (V.R) &#8211; 55&#8242; Luciano Papasidero ( P ) (V.R) &#8211; 74&#8217; Mat\u00edas Martin ( P ) ( S )<br>El arquero de Suteryh Franco Hurst le ataj\u00f3 un penal a Gianfranco Crisci de V.Rosa <\/td><\/tr><tr><td><strong>\u00c1rbitro&nbsp;:<\/strong> Omar Amezaga<\/td><\/tr><tr><td><strong>Formaciones Primera<\/strong><br><strong>VILLA ROSA<\/strong><br>1-  Rodrigo Papasidero<br>2- Alejandro Palacio<br>3 &#8211; Pablo Camargo<br>4 &#8211; Esteban Echeto ( Federico Echeto )<br>5 &#8211; Juan Schefer<br>6 &#8211; Juan Marcos Acu\u00f1a<br>7 &#8211; Luciano Papasidero<br>8 &#8211; Nicolas Palacio<br>9 &#8211; Joaquin Maiquez ( Alejandro Cabello )<br>10 &#8211; Matias Izzi ( Juan Romero )<br>11- Gianfranco Crisci  ( Gaston Catriquir )<br>D.T.: Emanuel Matelica<br><br><strong>SUTERYH<\/strong><br>1 &#8211; Franco Hurst<br>2 &#8211; Ivan Baglietti<br>3 &#8211; Juan Martinez Pianetti ( Joel Bravo )<br>4 &#8211; Gustavo Miller ( Lukas Flores )<br>5 &#8211; Emiliano Bonini<br>6 &#8211; Joaquin Martinez <br>7- Juan Acosta ( Gabriel Escurra )<br>8 &#8211; Yonathan Escobar<br>9 &#8211; Matias Martin<br>10 &#8211; Ariel Mardones<br>11 &#8211; Ciro Folasco ( Mart\u00edn Colantonio )<br>D.T.: Ezequiel Grouleff<\/td><\/tr><tr><td><strong>DIVISI\u00d3N RESERVA<br>Villa Rosa ( 2 ) :<\/strong> Nicolas Rodriguez &#8211; Nicolas Nu\u00f1ez<br><strong>Suteryh ( 1 ) :<\/strong> Elvis Irribarra<\/td><\/tr><\/tbody><\/table><\/figure>\n\n\n\n<figure class=\"wp-block-image size-large\"><img decoding=\"async\" src=\"http:\/\/elportaldorrego.com\/wp-content\/uploads\/2023\/08\/1000040677-1024x1024.jpg\" alt=\"\" class=\"wp-image-9919\" \/><\/figure>\n\n\n\n<figure class=\"wp-block-table\"><table><tbody><tr><td><strong>Escenario Vicente Constantino del Club Porte\u00f1o<br>PRIMERA DIVISI\u00d3N<\/strong><\/td><\/tr><tr><td><strong>Porte\u00f1o ( 0 ) &nbsp;vs &nbsp;San Mart\u00edn ( 3 )<\/strong><\/td><\/tr><tr><td><strong>Goles :<\/strong> Adrian Pedraza ( 3 ) (S.M)<br>El arquero Ezequiel Dello Russo del Club San Mart\u00edn le ataj\u00f3 un penal a Nicolas Restivo del Club Porte\u00f1o cuando estaban 0 a 0 <\/td><\/tr><tr><td><strong>\u00c1rbitro&nbsp;:<\/strong> Antonella Tacchetti<\/td><\/tr><tr><td><strong>DIVISI\u00d3N RESERVA<br>Porte\u00f1o ( 1 ) :<\/strong> Bautista Neudert<br><strong>San Mart\u00edn ( 0 )<\/strong><\/td><\/tr><\/tbody><\/table><\/figure>\n\n\n\n<p>Posiciones Reserva<\/p>\n\n\n\n<figure class=\"wp-block-image size-large\"><img decoding=\"async\" src=\"http:\/\/elportaldorrego.com\/wp-content\/uploads\/2023\/08\/IMG-20230827-WA0032-1024x1024.jpg\" alt=\"\" class=\"wp-image-9922\" \/><\/figure>\n\n\n\n<figure class=\"wp-block-table\"><table><tbody><tr><td>Goleadores Reserva :<\/td><\/tr><tr><td>Tomas Garcia Hollender ( I ) 4<br>Juan Moulia ( I ) 4<br>Thiago Telgarecz ( A.M.H. ) 3<br>Tomas Maclen ( Prog. ) 2<br>Damian Reyes ( A.M.H. ) 2<br>Joaquin Boesen ( I ) 2<br>Tomas Hollender ( I ) 2<br>Elvis Irribarra ( Sut. ) 2<br>Tomas Riquelme ( A.M.H. ) 2<\/td><\/tr><\/tbody><\/table><\/figure>\n\n\n\n<p>Posiciones Primera <\/p>\n\n\n\n<figure class=\"wp-block-image size-large\"><img decoding=\"async\" src=\"http:\/\/elportaldorrego.com\/wp-content\/uploads\/2023\/08\/IMG-20230827-WA0033-1024x1024.jpg\" alt=\"\" class=\"wp-image-9923\" \/><\/figure>\n\n\n\n<figure class=\"wp-block-table\"><table><tbody><tr><td>Goleadores Primera<\/td><\/tr><tr><td>Federico Mellado ( Prog. ) 5<br>Juan Peralta ( A.M.H. ) 4<br>Adrian Pedraza ( S.M. ) 4<br>Joaquin Maiquez ( V.R. ) 3<br>Matias Izzi ( V.R. ) 3<\/td><\/tr><\/tbody><\/table><\/figure>\n\n\n\n<figure class=\"wp-block-image size-large\"><img decoding=\"async\" src=\"http:\/\/elportaldorrego.com\/wp-content\/uploads\/2023\/08\/IMG-20230827-WA0028-1024x1024.jpg\" alt=\"\" class=\"wp-image-9921\" \/><\/figure>\n","protected":false},"excerpt":{"rendered":"<p>Se jug\u00f3 la 4 \u00b0fecha del torneo oficial ( Apertura ) Centenario Club A. Independiente Fue libre Ferroviario Resultados 4\u00b0 FechaEscenario 15 de Agosto del Club Atl\u00e9tico Monte HermosoPRIMERA DIVISI\u00d3NA. Monte Hermoso ( 4 ) &nbsp;vs &nbsp;Uni\u00f3n Pehuen Co ( 1 )Goles : 2&#8242; Mat\u00edas Campos (U.P.C) &#8211; 5&#8242; , 20&#8242; y 81&#8242; Juan Peralta &hellip;<\/p>\n","protected":false},"author":4,"featured_media":0,"comment_status":"open","ping_status":"open","sticky":false,"template":"","format":"standard","meta":{"footnotes":""},"categories":[73],"tags":[],"class_list":["post-9916","post","type-post","status-publish","format-standard","","category-deportes"],"_links":{"self":[{"href":"https:\/\/elportaldorrego.com\/index.php?rest_route=\/wp\/v2\/posts\/9916"}],"collection":[{"href":"https:\/\/elportaldorrego.com\/index.php?rest_route=\/wp\/v2\/posts"}],"about":[{"href":"https:\/\/elportaldorrego.com\/index.php?rest_route=\/wp\/v2\/types\/post"}],"author":[{"embeddable":true,"href":"https:\/\/elportaldorrego.com\/index.php?rest_route=\/wp\/v2\/users\/4"}],"replies":[{"embeddable":true,"href":"https:\/\/elportaldorrego.com\/index.php?rest_route=%2Fwp%2Fv2%2Fcomments&post=9916"}],"version-history":[{"count":2,"href":"https:\/\/elportaldorrego.com\/index.php?rest_route=\/wp\/v2\/posts\/9916\/revisions"}],"predecessor-version":[{"id":9929,"href":"https:\/\/elportaldorrego.com\/index.php?rest_route=\/wp\/v2\/posts\/9916\/revisions\/9929"}],"wp:attachment":[{"href":"https:\/\/elportaldorrego.com\/index.php?rest_route=%2Fwp%2Fv2%2Fmedia&parent=9916"}],"wp:term":[{"taxonomy":"category","embeddable":true,"href":"https:\/\/elportaldorrego.com\/index.php?rest_route=%2Fwp%2Fv2%2Fcategories&post=9916"},{"taxonomy":"post_tag","embeddable":true,"href":"https:\/\/elportaldorrego.com\/index.php?rest_route=%2Fwp%2Fv2%2Ftags&post=9916"}],"curies":[{"name":"wp","href":"https:\/\/api.w.org\/{rel}","templated":true}]}}